{"id":6229,"date":"2025-02-27T18:53:44","date_gmt":"2025-02-27T17:53:44","guid":{"rendered":"https:\/\/jeunes-ailes.asso.fr\/site\/?p=6229"},"modified":"2025-03-03T10:27:00","modified_gmt":"2025-03-03T09:27:00","slug":"a-venir-stage-planeur-du-2-au-5-mai-2025","status":"publish","type":"post","link":"https:\/\/jeunes-ailes.asso.fr\/site\/index.php\/2025\/02\/27\/a-venir-stage-planeur-du-2-au-5-mai-2025\/","title":{"rendered":"A venir ! Stage Planeur \u2013 Du 2 au 5 mai 2025"},"content":{"rendered":"\n<p class=\"has-vivid-red-color has-text-color has-link-color wp-elements-c9365267f914bd71ea50e5e539e3962b\"><\/p>\n\n\n\n<p><\/p>\n\n\n\n<p>\u00c7a y est c\u2019est ton moment. L\u2019avion remorqueur est parti. Tu es seul, dans cette infinit\u00e9 de roches calcaires. Pas un bruit, c\u2019est le silence total. Au sol, des for\u00eats de cypr\u00e8s, des champs d\u2019Olivier, et des fermes isol\u00e9es. A l\u2019horizon, un rapace semble avoir trouv\u00e9 une ascendance, en bord de falaise. Les probl\u00e8mes de la vie ont l\u2019air si loin. Direction le rapace et son ascendance, pour passer au-del\u00e0 des massifs gris. Tu man\u0153uvres d\u00e9licatement pour ne pas le d\u00e9ranger, puis tu tournes, tournes, et tourne encore, dans ce soul\u00e8vement sans fin.<\/p>\n\n\n\n<p>Te voil\u00e0 \u00e0 pr\u00e9sent \u00e0 plusieurs centaines de m\u00e8tres d\u2019altitudes. Tout le massif des Alpilles se dessine devant toi. Au loin derri\u00e8re, l\u2019a\u00e9rodrome du Mazet du Romanin, o\u00f9 le week-end a d\u00e9j\u00e0 bien commenc\u00e9. Les planeurs en bord de piste ont l\u2019air si petits. Tu les laisses derri\u00e8re toi, toujours sans un bruit, direction La Tour des Opies.<\/p>\n\n\n\n<p>Quelques moments plus tard, te voil\u00e0 de retour sur la terre ferme, des images plein la t\u00eate, h\u00e2te d\u2019\u00eatre ce soir pour leur raconter, aux autres Jeunes Ailes, ce que tu as vu.<\/p>\n\n\n\n<figure class=\"wp-block-image size-large\"><img loading=\"lazy\" decoding=\"async\" width=\"1024\" height=\"768\" src=\"https:\/\/jeunes-ailes.asso.fr\/site\/wp-content\/uploads\/2025\/02\/20240517_1552031-1-1024x768.jpg\" alt=\"\" class=\"wp-image-6231\" srcset=\"https:\/\/jeunes-ailes.asso.fr\/site\/wp-content\/uploads\/2025\/02\/20240517_1552031-1-1024x768.jpg 1024w, https:\/\/jeunes-ailes.asso.fr\/site\/wp-content\/uploads\/2025\/02\/20240517_1552031-1-300x225.jpg 300w, https:\/\/jeunes-ailes.asso.fr\/site\/wp-content\/uploads\/2025\/02\/20240517_1552031-1-768x576.jpg 768w, https:\/\/jeunes-ailes.asso.fr\/site\/wp-content\/uploads\/2025\/02\/20240517_1552031-1-1536x1152.jpg 1536w, https:\/\/jeunes-ailes.asso.fr\/site\/wp-content\/uploads\/2025\/02\/20240517_1552031-1-2048x1536.jpg 2048w, https:\/\/jeunes-ailes.asso.fr\/site\/wp-content\/uploads\/2025\/02\/20240517_1552031-1-760x570.jpg 760w\" sizes=\"auto, (max-width: 1024px) 100vw, 1024px\" \/><\/figure>\n\n\n\n<p><strong>\u00c7a fait r\u00eaver non&nbsp;? Et pourquoi pas toi&nbsp;? Rejoins-nous pour le stage planeur, \u00e0 Saint-R\u00e9my de Provence, du 2 au 5 mai&nbsp;!<\/strong><\/p>\n\n\n\n<p><strong>Au programme <\/strong>: <\/p>\n\n\n\n<ul class=\"wp-block-list\">\n<li>2 heures de vol par jour, avec un instructeur d\u00e9di\u00e9.<\/li>\n\n\n\n<li>Pour les brevet\u00e9s planeur, un vol de l\u00e2cher sera \u00e0 r\u00e9aliser avant de partir en solo.<\/li>\n\n\n\n<li>Un stage qui comprend tout : licence FFVP, cotisation au club, frais de fonctionnement et mise en l\u2019air (avion + treuil). On vous pr\u00e9voit m\u00eame des bons petits repas.<\/li>\n\n\n\n<li>Un groupe plein d\u2019entrain et convivial<\/li>\n<\/ul>\n\n\n\n<p><strong>Lieu&nbsp;:<\/strong><\/p>\n\n\n\n<p>Nous serons accueillis pendant toute le dur\u00e9e du s\u00e9jour par l\u2019a\u00e9roclub Saint-R\u00e9my les Alpilles, sur l\u2019a\u00e9rodrome du Mazet de Romanin, LFNZ.<\/p>\n\n\n\n<p>Il sera possible de venir en avion, sur autorisation du club et de la DSAC. Une exp\u00e9rience minimale de 200 heures de vol est demand\u00e9e. Les formulaires vous seront transmis.<\/p>\n\n\n\n<p><strong>Tarifs du stage:<\/strong><\/p>\n\n\n\n<ul class=\"wp-block-list\">\n<li>500 \u20ac pour les moins de 25 ans<\/li>\n\n\n\n<li>550 \u20ac pour les plus de 25 ans.<\/li>\n<\/ul>\n\n\n\n<p>Ces tarifs concernent tous les frais li\u00e9s au planeur. Il faudra ajouter les frais d\u2019h\u00e9bergement et de repas.<\/p>\n\n\n\n<p><strong>H\u00e9bergement et repas :<\/strong><\/p>\n\n\n\n<ul class=\"wp-block-list\">\n<li>H\u00e9bergement au club, en dortoirs : 15 \u20ac par personne et par nuit.<\/li>\n\n\n\n<li>Si vous \u00eates plut\u00f4t nature, il est possible de camper pour 5 \u20ac par personne et par nuit. Le terrain se trouvant dans un parc naturel, le nombre d\u2019emplacement possibles est extr\u00eamement limit\u00e9.<\/li>\n\n\n\n<li>Pour faciliter votre retour en s\u00e9curit\u00e9, vous avez la possibilit\u00e9 de prolonger votre s\u00e9jour et de dormir le lundi soir.<\/li>\n\n\n\n<li>Les repas seront pr\u00e9par\u00e9s avec soin par vos Organisateurs. Compter entre 110 et 130\u20ac pour l\u2019ensemble des repas.<\/li>\n<\/ul>\n\n\n\n<p><strong>Planning du stage :<\/strong><br><strong>Vendredi 2 mai :<\/strong><\/p>\n\n\n\n<ul class=\"wp-block-list\">\n<li>12h : Accueil des premiers participants et d\u00e9jeuner au restaurant.<\/li>\n\n\n\n<li>14h : Visite optionnelle de la cave du Romanin.<\/li>\n\n\n\n<li>18h : Arriv\u00e9e de tous les participants.<\/li>\n<\/ul>\n\n\n\n<p><strong>Samedi 3 \u00e0 lundi 5 mai inclus :<\/strong><\/p>\n\n\n\n<ul class=\"wp-block-list\">\n<li>9h : D\u00e9but des vols !<\/li>\n\n\n\n<li>18h : Fin des vols.<\/li>\n<\/ul>\n\n\n\n<p>Samedi soir, nous proposons aux JA qui ne participent pas au stage, de nous rejoindre pour profiter d\u2019une soir\u00e9e conviviale.<\/p>\n\n\n\n<p>Lundi, d\u00e9part des participants possibles en milieu d\u2019apr\u00e8s-midi, mais possibilit\u00e9 de rester une nuit suppl\u00e9mentaire.<\/p>\n\n\n\n<p><strong>Tu veux venir&nbsp;?<\/strong><\/p>\n\n\n\n<p>Le stage est ouvert \u00e0 tous. Au moment du stage, il est demand\u00e9, pour des raisons d\u2019assurance, d\u2019\u00eatre \u00e0 jour de sa cotisation Jeunes Ailes.<\/p>\n\n\n\n<p>Inscriptions via ce lien : <a href=\"https:\/\/www.helloasso.com\/associations\/association-jeunes-ailes\/evenements\/stage-planeur-3j\">https:\/\/www.helloasso.com\/associations\/association-jeunes-ailes\/evenements\/stage-planeur-3j<\/a><\/p>\n\n\n\n<p>Les d\u00e9tails et informations compl\u00e9mentaires vous seront livr\u00e9s dans un dossier PDF, apr\u00e8s l\u2019inscription.<\/p>\n\n\n\n<figure class=\"wp-block-image size-large\"><img loading=\"lazy\" decoding=\"async\" width=\"1024\" height=\"768\" src=\"https:\/\/jeunes-ailes.asso.fr\/site\/wp-content\/uploads\/2025\/02\/20240424_133820-1024x768.jpg\" alt=\"\" class=\"wp-image-6232\" srcset=\"https:\/\/jeunes-ailes.asso.fr\/site\/wp-content\/uploads\/2025\/02\/20240424_133820-1024x768.jpg 1024w, https:\/\/jeunes-ailes.asso.fr\/site\/wp-content\/uploads\/2025\/02\/20240424_133820-300x225.jpg 300w, https:\/\/jeunes-ailes.asso.fr\/site\/wp-content\/uploads\/2025\/02\/20240424_133820-768x576.jpg 768w, https:\/\/jeunes-ailes.asso.fr\/site\/wp-content\/uploads\/2025\/02\/20240424_133820-1536x1152.jpg 1536w, https:\/\/jeunes-ailes.asso.fr\/site\/wp-content\/uploads\/2025\/02\/20240424_133820-2048x1536.jpg 2048w, https:\/\/jeunes-ailes.asso.fr\/site\/wp-content\/uploads\/2025\/02\/20240424_133820-760x570.jpg 760w\" sizes=\"auto, (max-width: 1024px) 100vw, 1024px\" \/><\/figure>\n","protected":false},"excerpt":{"rendered":"<p>\u00c7a y est c\u2019est ton moment. L\u2019avion remorqueur est parti. Tu es seul, dans cette infinit\u00e9 de roches calcaires. Pas un bruit, c\u2019est le silence total. Au sol, des for\u00eats de cypr\u00e8s, des champs d\u2019Olivier, et des fermes isol\u00e9es. A l\u2019horizon, un rapace semble avoir trouv\u00e9 une ascendance, en bord de falaise. Les probl\u00e8mes de la vie ont l\u2019air si loin. Direction le rapace et son ascendance, pour passer au-del\u00e0 des massifs gris. Tu man\u0153uvres d\u00e9licatement pour ne pas le d\u00e9ranger, puis tu tournes, tournes, et tourne encore, dans ce soul\u00e8vement sans fin. Te voil\u00e0 \u00e0 pr\u00e9sent \u00e0 plusieurs centaines de m\u00e8tres d\u2019altitudes. Tout le massif des Alpilles se dessine devant toi. Au loin derri\u00e8re, l\u2019a\u00e9rodrome du Mazet du Romanin, o\u00f9 le week-end a d\u00e9j\u00e0 bien commenc\u00e9. Les planeurs en bord de piste ont l\u2019air si petits. Tu les laisses derri\u00e8re toi, toujours sans un bruit, direction La Tour des Opies. Quelques moments plus tard, te voil\u00e0 de retour sur la terre ferme, des images plein la t\u00eate, h\u00e2te d\u2019\u00eatre ce soir pour leur raconter, aux autres Jeunes Ailes, ce que tu as vu. \u00c7a fait r\u00eaver non&nbsp;? Et pourquoi pas toi&nbsp;? Rejoins-nous pour le stage planeur, \u00e0 Saint-R\u00e9my de Provence, du 2 au 5 mai&nbsp;! Au programme : Lieu&nbsp;: Nous serons accueillis pendant toute le dur\u00e9e du s\u00e9jour par l\u2019a\u00e9roclub Saint-R\u00e9my les Alpilles, sur l\u2019a\u00e9rodrome du Mazet de Romanin, LFNZ. Il sera possible de venir en avion, sur autorisation du club et de la DSAC. Une exp\u00e9rience minimale de 200 heures de vol est demand\u00e9e. Les formulaires vous seront transmis. Tarifs du stage: Ces tarifs concernent tous les frais li\u00e9s au planeur. Il faudra ajouter les frais d\u2019h\u00e9bergement et de repas. H\u00e9bergement et repas : Planning du stage :Vendredi 2 mai : Samedi 3 \u00e0 lundi 5 mai inclus : Samedi soir, nous proposons aux JA qui ne participent pas au stage, de nous rejoindre pour profiter d\u2019une soir\u00e9e conviviale. Lundi, d\u00e9part des participants possibles en milieu d\u2019apr\u00e8s-midi, mais possibilit\u00e9 de rester une nuit suppl\u00e9mentaire. Tu veux venir&nbsp;? Le stage est ouvert \u00e0 tous. Au moment du stage, il est demand\u00e9, pour des raisons d\u2019assurance, d\u2019\u00eatre \u00e0 jour de sa cotisation Jeunes Ailes. Inscriptions via ce lien : https:\/\/www.helloasso.com\/associations\/association-jeunes-ailes\/evenements\/stage-planeur-3j Les d\u00e9tails et informations compl\u00e9mentaires vous seront livr\u00e9s dans un dossier PDF, apr\u00e8s l\u2019inscription.<\/p>\n","protected":false},"author":26,"featured_media":6232,"comment_status":"open","ping_status":"open","sticky":false,"template":"","format":"standard","meta":{"_mi_skip_tracking":false,"footnotes":""},"categories":[1],"tags":[],"class_list":["post-6229","post","type-post","status-publish","format-standard","has-post-thumbnail","hentry","category-non-classe"],"yoast_head":"<!-- This site is optimized with the Yoast SEO plugin v17.8 - https:\/\/yoast.com\/wordpress\/plugins\/seo\/ -->\n<title>A venir ! Stage Planeur \u2013 Du 2 au 5 mai 2025 - Jeunes Ailes<\/title>\n<meta name=\"robots\" content=\"index, follow, max-snippet:-1, max-image-preview:large, max-video-preview:-1\" \/>\n<link rel=\"canonical\" href=\"https:\/\/jeunes-ailes.asso.fr\/site\/index.php\/2025\/02\/27\/a-venir-stage-planeur-du-2-au-5-mai-2025\/\" \/>\n<meta property=\"og:locale\" content=\"fr_FR\" \/>\n<meta property=\"og:type\" content=\"article\" \/>\n<meta property=\"og:title\" content=\"A venir ! Stage Planeur \u2013 Du 2 au 5 mai 2025 - Jeunes Ailes\" \/>\n<meta property=\"og:description\" content=\"\u00c7a y est c\u2019est ton moment. L\u2019avion remorqueur est parti. Tu es seul, dans cette infinit\u00e9 de roches calcaires. Pas un bruit, c\u2019est le silence total. Au sol, des for\u00eats de cypr\u00e8s, des champs d\u2019Olivier, et des fermes isol\u00e9es. A l\u2019horizon, un rapace semble avoir trouv\u00e9 une ascendance, en bord de falaise. Les probl\u00e8mes de la vie ont l\u2019air si loin. Direction le rapace et son ascendance, pour passer au-del\u00e0 des massifs gris. Tu man\u0153uvres d\u00e9licatement pour ne pas le d\u00e9ranger, puis tu tournes, tournes, et tourne encore, dans ce soul\u00e8vement sans fin. Te voil\u00e0 \u00e0 pr\u00e9sent \u00e0 plusieurs centaines de m\u00e8tres d\u2019altitudes. Tout le massif des Alpilles se dessine devant toi. Au loin derri\u00e8re, l\u2019a\u00e9rodrome du Mazet du Romanin, o\u00f9 le week-end a d\u00e9j\u00e0 bien commenc\u00e9. Les planeurs en bord de piste ont l\u2019air si petits. Tu les laisses derri\u00e8re toi, toujours sans un bruit, direction La Tour des Opies. Quelques moments plus tard, te voil\u00e0 de retour sur la terre ferme, des images plein la t\u00eate, h\u00e2te d\u2019\u00eatre ce soir pour leur raconter, aux autres Jeunes Ailes, ce que tu as vu. \u00c7a fait r\u00eaver non&nbsp;? Et pourquoi pas toi&nbsp;? Rejoins-nous pour le stage planeur, \u00e0 Saint-R\u00e9my de Provence, du 2 au 5 mai&nbsp;! Au programme : Lieu&nbsp;: Nous serons accueillis pendant toute le dur\u00e9e du s\u00e9jour par l\u2019a\u00e9roclub Saint-R\u00e9my les Alpilles, sur l\u2019a\u00e9rodrome du Mazet de Romanin, LFNZ. Il sera possible de venir en avion, sur autorisation du club et de la DSAC. Une exp\u00e9rience minimale de 200 heures de vol est demand\u00e9e. Les formulaires vous seront transmis. Tarifs du stage: Ces tarifs concernent tous les frais li\u00e9s au planeur. Il faudra ajouter les frais d\u2019h\u00e9bergement et de repas. H\u00e9bergement et repas : Planning du stage :Vendredi 2 mai : Samedi 3 \u00e0 lundi 5 mai inclus : Samedi soir, nous proposons aux JA qui ne participent pas au stage, de nous rejoindre pour profiter d\u2019une soir\u00e9e conviviale. Lundi, d\u00e9part des participants possibles en milieu d\u2019apr\u00e8s-midi, mais possibilit\u00e9 de rester une nuit suppl\u00e9mentaire. Tu veux venir&nbsp;? Le stage est ouvert \u00e0 tous. Au moment du stage, il est demand\u00e9, pour des raisons d\u2019assurance, d\u2019\u00eatre \u00e0 jour de sa cotisation Jeunes Ailes. Inscriptions via ce lien : https:\/\/www.helloasso.com\/associations\/association-jeunes-ailes\/evenements\/stage-planeur-3j Les d\u00e9tails et informations compl\u00e9mentaires vous seront livr\u00e9s dans un dossier PDF, apr\u00e8s l\u2019inscription.\" \/>\n<meta property=\"og:url\" content=\"https:\/\/jeunes-ailes.asso.fr\/site\/index.php\/2025\/02\/27\/a-venir-stage-planeur-du-2-au-5-mai-2025\/\" \/>\n<meta property=\"og:site_name\" content=\"Jeunes Ailes\" \/>\n<meta property=\"article:publisher\" content=\"https:\/\/fr-fr.facebook.com\/groups\/jeunesailes\" \/>\n<meta property=\"article:published_time\" content=\"2025-02-27T17:53:44+00:00\" \/>\n<meta property=\"article:modified_time\" content=\"2025-03-03T09:27:00+00:00\" \/>\n<meta property=\"og:image\" content=\"https:\/\/jeunes-ailes.asso.fr\/site\/wp-content\/uploads\/2025\/02\/20240424_133820-scaled.jpg\" \/>\n\t<meta property=\"og:image:width\" content=\"2560\" \/>\n\t<meta property=\"og:image:height\" content=\"1920\" \/>\n<meta name=\"twitter:card\" content=\"summary_large_image\" \/>\n<meta name=\"twitter:label1\" content=\"\u00c9crit par\" \/>\n\t<meta name=\"twitter:data1\" content=\"Elvena Malmartel\" \/>\n\t<meta name=\"twitter:label2\" content=\"Dur\u00e9e de lecture estim\u00e9e\" \/>\n\t<meta name=\"twitter:data2\" content=\"3 minutes\" \/>\n<script type=\"application\/ld+json\" class=\"yoast-schema-graph\">{\"@context\":\"https:\/\/schema.org\",\"@graph\":[{\"@type\":\"Organization\",\"@id\":\"https:\/\/jeunes-ailes.asso.fr\/site\/#organization\",\"name\":\"Jeunes Ailes\",\"url\":\"https:\/\/jeunes-ailes.asso.fr\/site\/\",\"sameAs\":[\"https:\/\/fr-fr.facebook.com\/groups\/jeunesailes\",\"https:\/\/www.instagram.com\/jeunes_ailes_association\/\",\"https:\/\/www.linkedin.com\/company\/jeunes-ailes\",\"https:\/\/www.youtube.com\/playlist?list=PLMEx60-fXLQt8yMxQ0iUZznXvUdgvr6WR\",\"https:\/\/fr.wikipedia.org\/wiki\/JA\"],\"logo\":{\"@type\":\"ImageObject\",\"@id\":\"https:\/\/jeunes-ailes.asso.fr\/site\/#logo\",\"inLanguage\":\"fr-FR\",\"url\":\"https:\/\/jeunes-ailes.asso.fr\/site\/wp-content\/uploads\/2018\/05\/logo-jeunes-ailes.png\",\"contentUrl\":\"https:\/\/jeunes-ailes.asso.fr\/site\/wp-content\/uploads\/2018\/05\/logo-jeunes-ailes.png\",\"width\":500,\"height\":464,\"caption\":\"Jeunes Ailes\"},\"image\":{\"@id\":\"https:\/\/jeunes-ailes.asso.fr\/site\/#logo\"}},{\"@type\":\"WebSite\",\"@id\":\"https:\/\/jeunes-ailes.asso.fr\/site\/#website\",\"url\":\"https:\/\/jeunes-ailes.asso.fr\/site\/\",\"name\":\"Jeunes Ailes\",\"description\":\"le site officiel de l&#039;association Jeunes Ailes, les passionn\\u00e9s d&#039;a\\u00e9ronautique\",\"publisher\":{\"@id\":\"https:\/\/jeunes-ailes.asso.fr\/site\/#organization\"},\"potentialAction\":[{\"@type\":\"SearchAction\",\"target\":{\"@type\":\"EntryPoint\",\"urlTemplate\":\"https:\/\/jeunes-ailes.asso.fr\/site\/?s={search_term_string}\"},\"query-input\":\"required name=search_term_string\"}],\"inLanguage\":\"fr-FR\"},{\"@type\":\"ImageObject\",\"@id\":\"https:\/\/jeunes-ailes.asso.fr\/site\/index.php\/2025\/02\/27\/a-venir-stage-planeur-du-2-au-5-mai-2025\/#primaryimage\",\"inLanguage\":\"fr-FR\",\"url\":\"https:\/\/jeunes-ailes.asso.fr\/site\/wp-content\/uploads\/2025\/02\/20240424_133820-scaled.jpg\",\"contentUrl\":\"https:\/\/jeunes-ailes.asso.fr\/site\/wp-content\/uploads\/2025\/02\/20240424_133820-scaled.jpg\",\"width\":2560,\"height\":1920},{\"@type\":\"WebPage\",\"@id\":\"https:\/\/jeunes-ailes.asso.fr\/site\/index.php\/2025\/02\/27\/a-venir-stage-planeur-du-2-au-5-mai-2025\/#webpage\",\"url\":\"https:\/\/jeunes-ailes.asso.fr\/site\/index.php\/2025\/02\/27\/a-venir-stage-planeur-du-2-au-5-mai-2025\/\",\"name\":\"A venir ! Stage Planeur \\u2013 Du 2 au 5 mai 2025 - Jeunes Ailes\",\"isPartOf\":{\"@id\":\"https:\/\/jeunes-ailes.asso.fr\/site\/#website\"},\"primaryImageOfPage\":{\"@id\":\"https:\/\/jeunes-ailes.asso.fr\/site\/index.php\/2025\/02\/27\/a-venir-stage-planeur-du-2-au-5-mai-2025\/#primaryimage\"},\"datePublished\":\"2025-02-27T17:53:44+00:00\",\"dateModified\":\"2025-03-03T09:27:00+00:00\",\"breadcrumb\":{\"@id\":\"https:\/\/jeunes-ailes.asso.fr\/site\/index.php\/2025\/02\/27\/a-venir-stage-planeur-du-2-au-5-mai-2025\/#breadcrumb\"},\"inLanguage\":\"fr-FR\",\"potentialAction\":[{\"@type\":\"ReadAction\",\"target\":[\"https:\/\/jeunes-ailes.asso.fr\/site\/index.php\/2025\/02\/27\/a-venir-stage-planeur-du-2-au-5-mai-2025\/\"]}]},{\"@type\":\"BreadcrumbList\",\"@id\":\"https:\/\/jeunes-ailes.asso.fr\/site\/index.php\/2025\/02\/27\/a-venir-stage-planeur-du-2-au-5-mai-2025\/#breadcrumb\",\"itemListElement\":[{\"@type\":\"ListItem\",\"position\":1,\"name\":\"Home\",\"item\":\"https:\/\/jeunes-ailes.asso.fr\/site\/\"},{\"@type\":\"ListItem\",\"position\":2,\"name\":\"A venir ! Stage Planeur \\u2013 Du 2 au 5 mai 2025\"}]},{\"@type\":\"Article\",\"@id\":\"https:\/\/jeunes-ailes.asso.fr\/site\/index.php\/2025\/02\/27\/a-venir-stage-planeur-du-2-au-5-mai-2025\/#article\",\"isPartOf\":{\"@id\":\"https:\/\/jeunes-ailes.asso.fr\/site\/index.php\/2025\/02\/27\/a-venir-stage-planeur-du-2-au-5-mai-2025\/#webpage\"},\"author\":{\"@id\":\"https:\/\/jeunes-ailes.asso.fr\/site\/#\/schema\/person\/8aa6d4deac62cde64d7fae98e431d31e\"},\"headline\":\"A venir ! Stage Planeur \\u2013 Du 2 au 5 mai 2025\",\"datePublished\":\"2025-02-27T17:53:44+00:00\",\"dateModified\":\"2025-03-03T09:27:00+00:00\",\"mainEntityOfPage\":{\"@id\":\"https:\/\/jeunes-ailes.asso.fr\/site\/index.php\/2025\/02\/27\/a-venir-stage-planeur-du-2-au-5-mai-2025\/#webpage\"},\"wordCount\":636,\"commentCount\":0,\"publisher\":{\"@id\":\"https:\/\/jeunes-ailes.asso.fr\/site\/#organization\"},\"image\":{\"@id\":\"https:\/\/jeunes-ailes.asso.fr\/site\/index.php\/2025\/02\/27\/a-venir-stage-planeur-du-2-au-5-mai-2025\/#primaryimage\"},\"thumbnailUrl\":\"https:\/\/jeunes-ailes.asso.fr\/site\/wp-content\/uploads\/2025\/02\/20240424_133820-scaled.jpg\",\"inLanguage\":\"fr-FR\",\"potentialAction\":[{\"@type\":\"CommentAction\",\"name\":\"Comment\",\"target\":[\"https:\/\/jeunes-ailes.asso.fr\/site\/index.php\/2025\/02\/27\/a-venir-stage-planeur-du-2-au-5-mai-2025\/#respond\"]}]},{\"@type\":\"Person\",\"@id\":\"https:\/\/jeunes-ailes.asso.fr\/site\/#\/schema\/person\/8aa6d4deac62cde64d7fae98e431d31e\",\"name\":\"Elvena Malmartel\",\"image\":{\"@type\":\"ImageObject\",\"@id\":\"https:\/\/jeunes-ailes.asso.fr\/site\/#personlogo\",\"inLanguage\":\"fr-FR\",\"url\":\"https:\/\/secure.gravatar.com\/avatar\/0ace424994a390006190122cddd48dfcba0f94492c273d38bf50784a0e21dc2f?s=96&d=mm&r=g\",\"contentUrl\":\"https:\/\/secure.gravatar.com\/avatar\/0ace424994a390006190122cddd48dfcba0f94492c273d38bf50784a0e21dc2f?s=96&d=mm&r=g\",\"caption\":\"Elvena Malmartel\"},\"url\":\"https:\/\/jeunes-ailes.asso.fr\/site\/index.php\/author\/elvena\/\"}]}<\/script>\n<!-- \/ Yoast SEO plugin. -->","yoast_head_json":{"title":"A venir ! Stage Planeur \u2013 Du 2 au 5 mai 2025 - Jeunes Ailes","robots":{"index":"index","follow":"follow","max-snippet":"max-snippet:-1","max-image-preview":"max-image-preview:large","max-video-preview":"max-video-preview:-1"},"canonical":"https:\/\/jeunes-ailes.asso.fr\/site\/index.php\/2025\/02\/27\/a-venir-stage-planeur-du-2-au-5-mai-2025\/","og_locale":"fr_FR","og_type":"article","og_title":"A venir ! Stage Planeur \u2013 Du 2 au 5 mai 2025 - Jeunes Ailes","og_description":"\u00c7a y est c\u2019est ton moment. L\u2019avion remorqueur est parti. Tu es seul, dans cette infinit\u00e9 de roches calcaires. Pas un bruit, c\u2019est le silence total. Au sol, des for\u00eats de cypr\u00e8s, des champs d\u2019Olivier, et des fermes isol\u00e9es. A l\u2019horizon, un rapace semble avoir trouv\u00e9 une ascendance, en bord de falaise. Les probl\u00e8mes de la vie ont l\u2019air si loin. Direction le rapace et son ascendance, pour passer au-del\u00e0 des massifs gris. Tu man\u0153uvres d\u00e9licatement pour ne pas le d\u00e9ranger, puis tu tournes, tournes, et tourne encore, dans ce soul\u00e8vement sans fin. Te voil\u00e0 \u00e0 pr\u00e9sent \u00e0 plusieurs centaines de m\u00e8tres d\u2019altitudes. Tout le massif des Alpilles se dessine devant toi. Au loin derri\u00e8re, l\u2019a\u00e9rodrome du Mazet du Romanin, o\u00f9 le week-end a d\u00e9j\u00e0 bien commenc\u00e9. Les planeurs en bord de piste ont l\u2019air si petits. Tu les laisses derri\u00e8re toi, toujours sans un bruit, direction La Tour des Opies. Quelques moments plus tard, te voil\u00e0 de retour sur la terre ferme, des images plein la t\u00eate, h\u00e2te d\u2019\u00eatre ce soir pour leur raconter, aux autres Jeunes Ailes, ce que tu as vu. \u00c7a fait r\u00eaver non&nbsp;? Et pourquoi pas toi&nbsp;? Rejoins-nous pour le stage planeur, \u00e0 Saint-R\u00e9my de Provence, du 2 au 5 mai&nbsp;! Au programme : Lieu&nbsp;: Nous serons accueillis pendant toute le dur\u00e9e du s\u00e9jour par l\u2019a\u00e9roclub Saint-R\u00e9my les Alpilles, sur l\u2019a\u00e9rodrome du Mazet de Romanin, LFNZ. Il sera possible de venir en avion, sur autorisation du club et de la DSAC. Une exp\u00e9rience minimale de 200 heures de vol est demand\u00e9e. Les formulaires vous seront transmis. Tarifs du stage: Ces tarifs concernent tous les frais li\u00e9s au planeur. Il faudra ajouter les frais d\u2019h\u00e9bergement et de repas. H\u00e9bergement et repas : Planning du stage :Vendredi 2 mai : Samedi 3 \u00e0 lundi 5 mai inclus : Samedi soir, nous proposons aux JA qui ne participent pas au stage, de nous rejoindre pour profiter d\u2019une soir\u00e9e conviviale. Lundi, d\u00e9part des participants possibles en milieu d\u2019apr\u00e8s-midi, mais possibilit\u00e9 de rester une nuit suppl\u00e9mentaire. Tu veux venir&nbsp;? Le stage est ouvert \u00e0 tous. Au moment du stage, il est demand\u00e9, pour des raisons d\u2019assurance, d\u2019\u00eatre \u00e0 jour de sa cotisation Jeunes Ailes. Inscriptions via ce lien : https:\/\/www.helloasso.com\/associations\/association-jeunes-ailes\/evenements\/stage-planeur-3j Les d\u00e9tails et informations compl\u00e9mentaires vous seront livr\u00e9s dans un dossier PDF, apr\u00e8s l\u2019inscription.","og_url":"https:\/\/jeunes-ailes.asso.fr\/site\/index.php\/2025\/02\/27\/a-venir-stage-planeur-du-2-au-5-mai-2025\/","og_site_name":"Jeunes Ailes","article_publisher":"https:\/\/fr-fr.facebook.com\/groups\/jeunesailes","article_published_time":"2025-02-27T17:53:44+00:00","article_modified_time":"2025-03-03T09:27:00+00:00","og_image":[{"width":2560,"height":1920,"url":"https:\/\/jeunes-ailes.asso.fr\/site\/wp-content\/uploads\/2025\/02\/20240424_133820-scaled.jpg","type":"image\/jpeg"}],"twitter_card":"summary_large_image","twitter_misc":{"\u00c9crit par":"Elvena Malmartel","Dur\u00e9e de lecture estim\u00e9e":"3 minutes"},"schema":{"@context":"https:\/\/schema.org","@graph":[{"@type":"Organization","@id":"https:\/\/jeunes-ailes.asso.fr\/site\/#organization","name":"Jeunes Ailes","url":"https:\/\/jeunes-ailes.asso.fr\/site\/","sameAs":["https:\/\/fr-fr.facebook.com\/groups\/jeunesailes","https:\/\/www.instagram.com\/jeunes_ailes_association\/","https:\/\/www.linkedin.com\/company\/jeunes-ailes","https:\/\/www.youtube.com\/playlist?list=PLMEx60-fXLQt8yMxQ0iUZznXvUdgvr6WR","https:\/\/fr.wikipedia.org\/wiki\/JA"],"logo":{"@type":"ImageObject","@id":"https:\/\/jeunes-ailes.asso.fr\/site\/#logo","inLanguage":"fr-FR","url":"https:\/\/jeunes-ailes.asso.fr\/site\/wp-content\/uploads\/2018\/05\/logo-jeunes-ailes.png","contentUrl":"https:\/\/jeunes-ailes.asso.fr\/site\/wp-content\/uploads\/2018\/05\/logo-jeunes-ailes.png","width":500,"height":464,"caption":"Jeunes Ailes"},"image":{"@id":"https:\/\/jeunes-ailes.asso.fr\/site\/#logo"}},{"@type":"WebSite","@id":"https:\/\/jeunes-ailes.asso.fr\/site\/#website","url":"https:\/\/jeunes-ailes.asso.fr\/site\/","name":"Jeunes Ailes","description":"le site officiel de l&#039;association Jeunes Ailes, les passionn\u00e9s d&#039;a\u00e9ronautique","publisher":{"@id":"https:\/\/jeunes-ailes.asso.fr\/site\/#organization"},"potentialAction":[{"@type":"SearchAction","target":{"@type":"EntryPoint","urlTemplate":"https:\/\/jeunes-ailes.asso.fr\/site\/?s={search_term_string}"},"query-input":"required name=search_term_string"}],"inLanguage":"fr-FR"},{"@type":"ImageObject","@id":"https:\/\/jeunes-ailes.asso.fr\/site\/index.php\/2025\/02\/27\/a-venir-stage-planeur-du-2-au-5-mai-2025\/#primaryimage","inLanguage":"fr-FR","url":"https:\/\/jeunes-ailes.asso.fr\/site\/wp-content\/uploads\/2025\/02\/20240424_133820-scaled.jpg","contentUrl":"https:\/\/jeunes-ailes.asso.fr\/site\/wp-content\/uploads\/2025\/02\/20240424_133820-scaled.jpg","width":2560,"height":1920},{"@type":"WebPage","@id":"https:\/\/jeunes-ailes.asso.fr\/site\/index.php\/2025\/02\/27\/a-venir-stage-planeur-du-2-au-5-mai-2025\/#webpage","url":"https:\/\/jeunes-ailes.asso.fr\/site\/index.php\/2025\/02\/27\/a-venir-stage-planeur-du-2-au-5-mai-2025\/","name":"A venir ! Stage Planeur \u2013 Du 2 au 5 mai 2025 - Jeunes Ailes","isPartOf":{"@id":"https:\/\/jeunes-ailes.asso.fr\/site\/#website"},"primaryImageOfPage":{"@id":"https:\/\/jeunes-ailes.asso.fr\/site\/index.php\/2025\/02\/27\/a-venir-stage-planeur-du-2-au-5-mai-2025\/#primaryimage"},"datePublished":"2025-02-27T17:53:44+00:00","dateModified":"2025-03-03T09:27:00+00:00","breadcrumb":{"@id":"https:\/\/jeunes-ailes.asso.fr\/site\/index.php\/2025\/02\/27\/a-venir-stage-planeur-du-2-au-5-mai-2025\/#breadcrumb"},"inLanguage":"fr-FR","potentialAction":[{"@type":"ReadAction","target":["https:\/\/jeunes-ailes.asso.fr\/site\/index.php\/2025\/02\/27\/a-venir-stage-planeur-du-2-au-5-mai-2025\/"]}]},{"@type":"BreadcrumbList","@id":"https:\/\/jeunes-ailes.asso.fr\/site\/index.php\/2025\/02\/27\/a-venir-stage-planeur-du-2-au-5-mai-2025\/#breadcrumb","itemListElement":[{"@type":"ListItem","position":1,"name":"Home","item":"https:\/\/jeunes-ailes.asso.fr\/site\/"},{"@type":"ListItem","position":2,"name":"A venir ! Stage Planeur \u2013 Du 2 au 5 mai 2025"}]},{"@type":"Article","@id":"https:\/\/jeunes-ailes.asso.fr\/site\/index.php\/2025\/02\/27\/a-venir-stage-planeur-du-2-au-5-mai-2025\/#article","isPartOf":{"@id":"https:\/\/jeunes-ailes.asso.fr\/site\/index.php\/2025\/02\/27\/a-venir-stage-planeur-du-2-au-5-mai-2025\/#webpage"},"author":{"@id":"https:\/\/jeunes-ailes.asso.fr\/site\/#\/schema\/person\/8aa6d4deac62cde64d7fae98e431d31e"},"headline":"A venir ! Stage Planeur \u2013 Du 2 au 5 mai 2025","datePublished":"2025-02-27T17:53:44+00:00","dateModified":"2025-03-03T09:27:00+00:00","mainEntityOfPage":{"@id":"https:\/\/jeunes-ailes.asso.fr\/site\/index.php\/2025\/02\/27\/a-venir-stage-planeur-du-2-au-5-mai-2025\/#webpage"},"wordCount":636,"commentCount":0,"publisher":{"@id":"https:\/\/jeunes-ailes.asso.fr\/site\/#organization"},"image":{"@id":"https:\/\/jeunes-ailes.asso.fr\/site\/index.php\/2025\/02\/27\/a-venir-stage-planeur-du-2-au-5-mai-2025\/#primaryimage"},"thumbnailUrl":"https:\/\/jeunes-ailes.asso.fr\/site\/wp-content\/uploads\/2025\/02\/20240424_133820-scaled.jpg","inLanguage":"fr-FR","potentialAction":[{"@type":"CommentAction","name":"Comment","target":["https:\/\/jeunes-ailes.asso.fr\/site\/index.php\/2025\/02\/27\/a-venir-stage-planeur-du-2-au-5-mai-2025\/#respond"]}]},{"@type":"Person","@id":"https:\/\/jeunes-ailes.asso.fr\/site\/#\/schema\/person\/8aa6d4deac62cde64d7fae98e431d31e","name":"Elvena Malmartel","image":{"@type":"ImageObject","@id":"https:\/\/jeunes-ailes.asso.fr\/site\/#personlogo","inLanguage":"fr-FR","url":"https:\/\/secure.gravatar.com\/avatar\/0ace424994a390006190122cddd48dfcba0f94492c273d38bf50784a0e21dc2f?s=96&d=mm&r=g","contentUrl":"https:\/\/secure.gravatar.com\/avatar\/0ace424994a390006190122cddd48dfcba0f94492c273d38bf50784a0e21dc2f?s=96&d=mm&r=g","caption":"Elvena Malmartel"},"url":"https:\/\/jeunes-ailes.asso.fr\/site\/index.php\/author\/elvena\/"}]}},"_links":{"self":[{"href":"https:\/\/jeunes-ailes.asso.fr\/site\/index.php\/wp-json\/wp\/v2\/posts\/6229","targetHints":{"allow":["GET"]}}],"collection":[{"href":"https:\/\/jeunes-ailes.asso.fr\/site\/index.php\/wp-json\/wp\/v2\/posts"}],"about":[{"href":"https:\/\/jeunes-ailes.asso.fr\/site\/index.php\/wp-json\/wp\/v2\/types\/post"}],"author":[{"embeddable":true,"href":"https:\/\/jeunes-ailes.asso.fr\/site\/index.php\/wp-json\/wp\/v2\/users\/26"}],"replies":[{"embeddable":true,"href":"https:\/\/jeunes-ailes.asso.fr\/site\/index.php\/wp-json\/wp\/v2\/comments?post=6229"}],"version-history":[{"count":2,"href":"https:\/\/jeunes-ailes.asso.fr\/site\/index.php\/wp-json\/wp\/v2\/posts\/6229\/revisions"}],"predecessor-version":[{"id":6239,"href":"https:\/\/jeunes-ailes.asso.fr\/site\/index.php\/wp-json\/wp\/v2\/posts\/6229\/revisions\/6239"}],"wp:featuredmedia":[{"embeddable":true,"href":"https:\/\/jeunes-ailes.asso.fr\/site\/index.php\/wp-json\/wp\/v2\/media\/6232"}],"wp:attachment":[{"href":"https:\/\/jeunes-ailes.asso.fr\/site\/index.php\/wp-json\/wp\/v2\/media?parent=6229"}],"wp:term":[{"taxonomy":"category","embeddable":true,"href":"https:\/\/jeunes-ailes.asso.fr\/site\/index.php\/wp-json\/wp\/v2\/categories?post=6229"},{"taxonomy":"post_tag","embeddable":true,"href":"https:\/\/jeunes-ailes.asso.fr\/site\/index.php\/wp-json\/wp\/v2\/tags?post=6229"}],"curies":[{"name":"wp","href":"https:\/\/api.w.org\/{rel}","templated":true}]}}