{"id":5888,"date":"2023-04-27T21:24:26","date_gmt":"2023-04-27T19:24:26","guid":{"rendered":"https:\/\/jeunes-ailes.asso.fr\/site\/?p=5888"},"modified":"2023-06-13T13:41:00","modified_gmt":"2023-06-13T11:41:00","slug":"aerobivouac-saison-3","status":"publish","type":"post","link":"https:\/\/jeunes-ailes.asso.fr\/site\/index.php\/2023\/04\/27\/aerobivouac-saison-3\/","title":{"rendered":"A\u00e9robivouac saison 3"},"content":{"rendered":"[vc_row][vc_column][vc_column_text]Chers Jeunes Ailes,<\/p>\n<p><span class=\"x4k7w5x x1h91t0o x1h9r5lt x1jfb8zj xv2umb2 x1beo9mf xaigb6o x12ejxvf x3igimt xarpa2k xedcshv x1lytzrv x1t2pt76 x7ja8zs x1qrby5j\">Nous avons le plaisir de vous annoncer le lancement de la 3\u00e8me saison des A\u00e9robivouacs <span class=\"x3nfvp2 x1j61x8r x1fcty0u xdj266r xhhsvwb xat24cr xgzva0m xxymvpz xlup9mm x1kky2od\"><img loading=\"lazy\" decoding=\"async\" src=\"https:\/\/static.xx.fbcdn.net\/images\/emoji.php\/v9\/taa\/3\/16\/26fa.png\" alt=\"\u26fa\ufe0f\" width=\"16\" height=\"16\" \/><\/span> <span class=\"x3nfvp2 x1j61x8r x1fcty0u xdj266r xhhsvwb xat24cr xgzva0m xxymvpz xlup9mm x1kky2od\"><img loading=\"lazy\" decoding=\"async\" src=\"https:\/\/static.xx.fbcdn.net\/images\/emoji.php\/v9\/t99\/3\/16\/1f3d4.png\" alt=\"\ud83c\udfd4\ufe0f\" width=\"16\" height=\"16\" \/><\/span> <span class=\"x3nfvp2 x1j61x8r x1fcty0u xdj266r xhhsvwb xat24cr xgzva0m xxymvpz xlup9mm x1kky2od\"><img loading=\"lazy\" decoding=\"async\" src=\"https:\/\/static.xx.fbcdn.net\/images\/emoji.php\/v9\/tb8\/3\/16\/2708.png\" alt=\"\u2708\ufe0f\" width=\"16\" height=\"16\" \/><\/span> ! <\/span><\/p>\n<p><span class=\"x4k7w5x x1h91t0o x1h9r5lt x1jfb8zj xv2umb2 x1beo9mf xaigb6o x12ejxvf x3igimt xarpa2k xedcshv x1lytzrv x1t2pt76 x7ja8zs x1qrby5j\">Nous vous convions les : <\/span><\/p>\n<p><span class=\"x4k7w5x x1h91t0o x1h9r5lt x1jfb8zj xv2umb2 x1beo9mf xaigb6o x12ejxvf x3igimt xarpa2k xedcshv x1lytzrv x1t2pt76 x7ja8zs x1qrby5j\">&#8211; 22-23 juillet <span class=\"x3nfvp2 x1j61x8r x1fcty0u xdj266r xhhsvwb xat24cr xgzva0m xxymvpz xlup9mm x1kky2od\"><img loading=\"lazy\" decoding=\"async\" src=\"https:\/\/static.xx.fbcdn.net\/images\/emoji.php\/v9\/taa\/3\/16\/26fa.png\" alt=\"\u26fa\ufe0f\" width=\"16\" height=\"16\" \/><\/span><span class=\"x3nfvp2 x1j61x8r x1fcty0u xdj266r xhhsvwb xat24cr xgzva0m xxymvpz xlup9mm x1kky2od\"><img loading=\"lazy\" decoding=\"async\" src=\"https:\/\/static.xx.fbcdn.net\/images\/emoji.php\/v9\/ta9\/3\/16\/1f333.png\" alt=\"\ud83c\udf33\" width=\"16\" height=\"16\" \/><\/span> \u00e0 St Jean en Royans Vercors &#8211; LFKE <\/span><\/p>\n<p><span class=\"x4k7w5x x1h91t0o x1h9r5lt x1jfb8zj xv2umb2 x1beo9mf xaigb6o x12ejxvf x3igimt xarpa2k xedcshv x1lytzrv x1t2pt76 x7ja8zs x1qrby5j\">&#8211; 26-27 ao\u00fbt <span class=\"x3nfvp2 x1j61x8r x1fcty0u xdj266r xhhsvwb xat24cr xgzva0m xxymvpz xlup9mm x1kky2od\"><img loading=\"lazy\" decoding=\"async\" src=\"https:\/\/static.xx.fbcdn.net\/images\/emoji.php\/v9\/taa\/3\/16\/26fa.png\" alt=\"\u26fa\ufe0f\" width=\"16\" height=\"16\" \/><\/span> <span class=\"x3nfvp2 x1j61x8r x1fcty0u xdj266r xhhsvwb xat24cr xgzva0m xxymvpz xlup9mm x1kky2od\"><img loading=\"lazy\" decoding=\"async\" src=\"https:\/\/static.xx.fbcdn.net\/images\/emoji.php\/v9\/t99\/3\/16\/1f3d4.png\" alt=\"\ud83c\udfd4\ufe0f\" width=\"16\" height=\"16\" \/><\/span>\u00e0 Toviere Val d\u2019Isere &#8211; LF7325 <span class=\"x3nfvp2 x1j61x8r x1fcty0u xdj266r xhhsvwb xat24cr xgzva0m xxymvpz xlup9mm x1kky2od\"><img loading=\"lazy\" decoding=\"async\" src=\"https:\/\/static.xx.fbcdn.net\/images\/emoji.php\/v9\/t3d\/3\/16\/1f52d.png\" alt=\"\ud83d\udd2d\" width=\"16\" height=\"16\" \/><\/span> <\/span><\/p>\n<p><span class=\"x4k7w5x x1h91t0o x1h9r5lt x1jfb8zj xv2umb2 x1beo9mf xaigb6o x12ejxvf x3igimt xarpa2k xedcshv x1lytzrv x1t2pt76 x7ja8zs x1qrby5j\">Programmes d\u00e9taill\u00e9s \u00e0 venir sur <a href=\"http:\/\/www.aerobivouac.com\"><span role=\"gridcell\">www.aerobivouac.com<\/span> <\/a><\/span><\/p>\n<p><span class=\"x4k7w5x x1h91t0o x1h9r5lt x1jfb8zj xv2umb2 x1beo9mf xaigb6o x12ejxvf x3igimt xarpa2k xedcshv x1lytzrv x1t2pt76 x7ja8zs x1qrby5j\">Bons vols et \u00e0 tr\u00e8s bient\u00f4t ! <\/span><\/p>\n<p><span class=\"x4k7w5x x1h91t0o x1h9r5lt x1jfb8zj xv2umb2 x1beo9mf xaigb6o x12ejxvf x3igimt xarpa2k xedcshv x1lytzrv x1t2pt76 x7ja8zs x1qrby5j\"><span class=\"x3nfvp2 x1j61x8r x1fcty0u xdj266r xhhsvwb xat24cr xgzva0m xxymvpz xlup9mm x1kky2od\"><img loading=\"lazy\" decoding=\"async\" src=\"https:\/\/static.xx.fbcdn.net\/images\/emoji.php\/v9\/t95\/3\/16\/1f39e.png\" alt=\"\ud83c\udf9e\ufe0f\" width=\"16\" height=\"16\" \/><\/span> bande annonce disponible en 4K sur <span role=\"gridcell\"><a class=\"x1i10hfl xjbqb8w x6umtig x1b1mbwd xaqea5y xav7gou x9f619 x1ypdohk xt0psk2 xe8uvvx xdj266r x11i5rnm xat24cr x1mh8g0r xexx8yu x4uap5 x18d9i69 xkhd6sd x16tdsg8 xggy1nq x1a2a7pz xt0b8zv x1heor9g x1bvjpef\" tabindex=\"-1\" role=\"link\" href=\"https:\/\/vimeo.com\/airfilmsfr\/aerobivouac?fbclid=IwAR2WaoAph0W7ihHuLje_OOycBIlyhHuGATTX-R43wLPJZ3wuIpSX7Gaqz_Q\" target=\"_blank\" rel=\"nofollow noopener\">https:\/\/vimeo.com\/airfilmsfr\/aerobivouac<\/a><\/span><\/span>[\/vc_column_text][\/vc_column][\/vc_row][vc_row][vc_column][vc_video link=&#8221;https:\/\/vimeo.com\/airfilmsfr\/aerobivouac&#8221;][\/vc_column][\/vc_row][vc_row][vc_column][tm_image align=&#8221;center&#8221; image=&#8221;5680&#8243;][\/vc_column][\/vc_row]\n","protected":false},"excerpt":{"rendered":"<p>[vc_row][vc_column][vc_column_text]Chers Jeunes Ailes, Nous avons le plaisir de vous annoncer le lancement de la 3\u00e8me saison des A\u00e9robivouacs ! Nous vous convions les : &#8211; 22-23 juillet \u00e0 St Jean en Royans Vercors &#8211; LFKE &#8211; 26-27 ao\u00fbt \u00e0 Toviere Val d\u2019Isere &#8211; LF7325 Programmes d\u00e9taill\u00e9s \u00e0 venir sur www.aerobivouac.com Bons vols et \u00e0 tr\u00e8s bient\u00f4t ! bande annonce disponible en 4K sur https:\/\/vimeo.com\/airfilmsfr\/aerobivouac[\/vc_column_text][\/vc_column][\/vc_row][vc_row][vc_column][vc_video link=&#8221;https:\/\/vimeo.com\/airfilmsfr\/aerobivouac&#8221;][\/vc_column][\/vc_row][vc_row][vc_column][tm_image align=&#8221;center&#8221; image=&#8221;5680&#8243;][\/vc_column][\/vc_row]<\/p>\n","protected":false},"author":1,"featured_media":5891,"comment_status":"open","ping_status":"open","sticky":false,"template":"","format":"standard","meta":{"_mi_skip_tracking":false,"footnotes":""},"categories":[209,240,206,212],"tags":[],"class_list":["post-5888","post","type-post","status-publish","format-standard","has-post-thumbnail","hentry","category-agenda","category-association","category-jeunes-ailes","category-vol-montagne"],"yoast_head":"<!-- This site is optimized with the Yoast SEO plugin v17.8 - https:\/\/yoast.com\/wordpress\/plugins\/seo\/ -->\n<title>A\u00e9robivouac saison 3 - Jeunes Ailes<\/title>\n<meta name=\"robots\" content=\"index, follow, max-snippet:-1, max-image-preview:large, max-video-preview:-1\" \/>\n<link rel=\"canonical\" href=\"https:\/\/jeunes-ailes.asso.fr\/site\/index.php\/2023\/04\/27\/aerobivouac-saison-3\/\" \/>\n<meta property=\"og:locale\" content=\"fr_FR\" \/>\n<meta property=\"og:type\" content=\"article\" \/>\n<meta property=\"og:title\" content=\"A\u00e9robivouac saison 3 - Jeunes Ailes\" \/>\n<meta property=\"og:description\" content=\"[vc_row][vc_column][vc_column_text]Chers Jeunes Ailes, Nous avons le plaisir de vous annoncer le lancement de la 3\u00e8me saison des A\u00e9robivouacs ! Nous vous convions les : &#8211; 22-23 juillet \u00e0 St Jean en Royans Vercors &#8211; LFKE &#8211; 26-27 ao\u00fbt \u00e0 Toviere Val d\u2019Isere &#8211; LF7325 Programmes d\u00e9taill\u00e9s \u00e0 venir sur www.aerobivouac.com Bons vols et \u00e0 tr\u00e8s bient\u00f4t ! bande annonce disponible en 4K sur https:\/\/vimeo.com\/airfilmsfr\/aerobivouac[\/vc_column_text][\/vc_column][\/vc_row][vc_row][vc_column][vc_video link=&#8221;https:\/\/vimeo.com\/airfilmsfr\/aerobivouac&#8221;][\/vc_column][\/vc_row][vc_row][vc_column][tm_image align=&#8221;center&#8221; image=&#8221;5680&#8243;][\/vc_column][\/vc_row]\" \/>\n<meta property=\"og:url\" content=\"https:\/\/jeunes-ailes.asso.fr\/site\/index.php\/2023\/04\/27\/aerobivouac-saison-3\/\" \/>\n<meta property=\"og:site_name\" content=\"Jeunes Ailes\" \/>\n<meta property=\"article:publisher\" content=\"https:\/\/fr-fr.facebook.com\/groups\/jeunesailes\" \/>\n<meta property=\"article:published_time\" content=\"2023-04-27T19:24:26+00:00\" \/>\n<meta property=\"article:modified_time\" content=\"2023-06-13T11:41:00+00:00\" \/>\n<meta property=\"og:image\" content=\"https:\/\/jeunes-ailes.asso.fr\/site\/wp-content\/uploads\/2023\/04\/logo-Aerobivouac-Jeunes-Ailes.jpg\" \/>\n\t<meta property=\"og:image:width\" content=\"1170\" \/>\n\t<meta property=\"og:image:height\" content=\"973\" \/>\n<meta name=\"twitter:card\" content=\"summary_large_image\" \/>\n<meta name=\"twitter:label1\" content=\"\u00c9crit par\" \/>\n\t<meta name=\"twitter:data1\" content=\"Julien JAY\" \/>\n\t<meta name=\"twitter:label2\" content=\"Dur\u00e9e de lecture estim\u00e9e\" \/>\n\t<meta name=\"twitter:data2\" content=\"1 minute\" \/>\n<script type=\"application\/ld+json\" class=\"yoast-schema-graph\">{\"@context\":\"https:\/\/schema.org\",\"@graph\":[{\"@type\":\"Organization\",\"@id\":\"https:\/\/jeunes-ailes.asso.fr\/site\/#organization\",\"name\":\"Jeunes Ailes\",\"url\":\"https:\/\/jeunes-ailes.asso.fr\/site\/\",\"sameAs\":[\"https:\/\/fr-fr.facebook.com\/groups\/jeunesailes\",\"https:\/\/www.instagram.com\/jeunes_ailes_association\/\",\"https:\/\/www.linkedin.com\/company\/jeunes-ailes\",\"https:\/\/www.youtube.com\/playlist?list=PLMEx60-fXLQt8yMxQ0iUZznXvUdgvr6WR\",\"https:\/\/fr.wikipedia.org\/wiki\/JA\"],\"logo\":{\"@type\":\"ImageObject\",\"@id\":\"https:\/\/jeunes-ailes.asso.fr\/site\/#logo\",\"inLanguage\":\"fr-FR\",\"url\":\"https:\/\/jeunes-ailes.asso.fr\/site\/wp-content\/uploads\/2018\/05\/logo-jeunes-ailes.png\",\"contentUrl\":\"https:\/\/jeunes-ailes.asso.fr\/site\/wp-content\/uploads\/2018\/05\/logo-jeunes-ailes.png\",\"width\":500,\"height\":464,\"caption\":\"Jeunes Ailes\"},\"image\":{\"@id\":\"https:\/\/jeunes-ailes.asso.fr\/site\/#logo\"}},{\"@type\":\"WebSite\",\"@id\":\"https:\/\/jeunes-ailes.asso.fr\/site\/#website\",\"url\":\"https:\/\/jeunes-ailes.asso.fr\/site\/\",\"name\":\"Jeunes Ailes\",\"description\":\"le site officiel de l&#039;association Jeunes Ailes, les passionn\\u00e9s d&#039;a\\u00e9ronautique\",\"publisher\":{\"@id\":\"https:\/\/jeunes-ailes.asso.fr\/site\/#organization\"},\"potentialAction\":[{\"@type\":\"SearchAction\",\"target\":{\"@type\":\"EntryPoint\",\"urlTemplate\":\"https:\/\/jeunes-ailes.asso.fr\/site\/?s={search_term_string}\"},\"query-input\":\"required name=search_term_string\"}],\"inLanguage\":\"fr-FR\"},{\"@type\":\"ImageObject\",\"@id\":\"https:\/\/jeunes-ailes.asso.fr\/site\/index.php\/2023\/04\/27\/aerobivouac-saison-3\/#primaryimage\",\"inLanguage\":\"fr-FR\",\"url\":\"https:\/\/jeunes-ailes.asso.fr\/site\/wp-content\/uploads\/2023\/04\/logo-Aerobivouac-Jeunes-Ailes.jpg\",\"contentUrl\":\"https:\/\/jeunes-ailes.asso.fr\/site\/wp-content\/uploads\/2023\/04\/logo-Aerobivouac-Jeunes-Ailes.jpg\",\"width\":1170,\"height\":973},{\"@type\":\"WebPage\",\"@id\":\"https:\/\/jeunes-ailes.asso.fr\/site\/index.php\/2023\/04\/27\/aerobivouac-saison-3\/#webpage\",\"url\":\"https:\/\/jeunes-ailes.asso.fr\/site\/index.php\/2023\/04\/27\/aerobivouac-saison-3\/\",\"name\":\"A\\u00e9robivouac saison 3 - Jeunes Ailes\",\"isPartOf\":{\"@id\":\"https:\/\/jeunes-ailes.asso.fr\/site\/#website\"},\"primaryImageOfPage\":{\"@id\":\"https:\/\/jeunes-ailes.asso.fr\/site\/index.php\/2023\/04\/27\/aerobivouac-saison-3\/#primaryimage\"},\"datePublished\":\"2023-04-27T19:24:26+00:00\",\"dateModified\":\"2023-06-13T11:41:00+00:00\",\"breadcrumb\":{\"@id\":\"https:\/\/jeunes-ailes.asso.fr\/site\/index.php\/2023\/04\/27\/aerobivouac-saison-3\/#breadcrumb\"},\"inLanguage\":\"fr-FR\",\"potentialAction\":[{\"@type\":\"ReadAction\",\"target\":[\"https:\/\/jeunes-ailes.asso.fr\/site\/index.php\/2023\/04\/27\/aerobivouac-saison-3\/\"]}]},{\"@type\":\"BreadcrumbList\",\"@id\":\"https:\/\/jeunes-ailes.asso.fr\/site\/index.php\/2023\/04\/27\/aerobivouac-saison-3\/#breadcrumb\",\"itemListElement\":[{\"@type\":\"ListItem\",\"position\":1,\"name\":\"Home\",\"item\":\"https:\/\/jeunes-ailes.asso.fr\/site\/\"},{\"@type\":\"ListItem\",\"position\":2,\"name\":\"A\\u00e9robivouac saison 3\"}]},{\"@type\":\"Article\",\"@id\":\"https:\/\/jeunes-ailes.asso.fr\/site\/index.php\/2023\/04\/27\/aerobivouac-saison-3\/#article\",\"isPartOf\":{\"@id\":\"https:\/\/jeunes-ailes.asso.fr\/site\/index.php\/2023\/04\/27\/aerobivouac-saison-3\/#webpage\"},\"author\":{\"@id\":\"https:\/\/jeunes-ailes.asso.fr\/site\/#\/schema\/person\/a3b9b4ac9f131e9bdb3409e4de6d520b\"},\"headline\":\"A\\u00e9robivouac saison 3\",\"datePublished\":\"2023-04-27T19:24:26+00:00\",\"dateModified\":\"2023-06-13T11:41:00+00:00\",\"mainEntityOfPage\":{\"@id\":\"https:\/\/jeunes-ailes.asso.fr\/site\/index.php\/2023\/04\/27\/aerobivouac-saison-3\/#webpage\"},\"wordCount\":116,\"commentCount\":0,\"publisher\":{\"@id\":\"https:\/\/jeunes-ailes.asso.fr\/site\/#organization\"},\"image\":{\"@id\":\"https:\/\/jeunes-ailes.asso.fr\/site\/index.php\/2023\/04\/27\/aerobivouac-saison-3\/#primaryimage\"},\"thumbnailUrl\":\"https:\/\/jeunes-ailes.asso.fr\/site\/wp-content\/uploads\/2023\/04\/logo-Aerobivouac-Jeunes-Ailes.jpg\",\"articleSection\":[\"Agenda\",\"Association\",\"Jeunes Ailes\",\"Vol Montagne\"],\"inLanguage\":\"fr-FR\",\"potentialAction\":[{\"@type\":\"CommentAction\",\"name\":\"Comment\",\"target\":[\"https:\/\/jeunes-ailes.asso.fr\/site\/index.php\/2023\/04\/27\/aerobivouac-saison-3\/#respond\"]}]},{\"@type\":\"Person\",\"@id\":\"https:\/\/jeunes-ailes.asso.fr\/site\/#\/schema\/person\/a3b9b4ac9f131e9bdb3409e4de6d520b\",\"name\":\"Julien JAY\",\"image\":{\"@type\":\"ImageObject\",\"@id\":\"https:\/\/jeunes-ailes.asso.fr\/site\/#personlogo\",\"inLanguage\":\"fr-FR\",\"url\":\"https:\/\/secure.gravatar.com\/avatar\/2a69cf2ffcd3821797dedeb14bb1ddf52bb490ed8bf14e8f2b7eaff488db632e?s=96&d=mm&r=g\",\"contentUrl\":\"https:\/\/secure.gravatar.com\/avatar\/2a69cf2ffcd3821797dedeb14bb1ddf52bb490ed8bf14e8f2b7eaff488db632e?s=96&d=mm&r=g\",\"caption\":\"Julien JAY\"},\"description\":\"Pr\\u00e9sident fondateur de l'association Jeunes Aileswww.jeunes-ailes.asso.fr. Passionn\\u00e9 d'aviation et de montagne. www.volmontagne.com\",\"sameAs\":[\"http:\/\/www.volmontagne.com\",\"https:\/\/www.instagram.com\/julienjay38\/\",\"https:\/\/www.linkedin.com\/in\/jayjulien\/\",\"https:\/\/vimeo.com\/airfilmsfr\",\"https:\/\/soundcloud.com\/julienjay38\/sets\/top\"],\"url\":\"https:\/\/jeunes-ailes.asso.fr\/site\/index.php\/author\/julien\/\"}]}<\/script>\n<!-- \/ Yoast SEO plugin. -->","yoast_head_json":{"title":"A\u00e9robivouac saison 3 - Jeunes Ailes","robots":{"index":"index","follow":"follow","max-snippet":"max-snippet:-1","max-image-preview":"max-image-preview:large","max-video-preview":"max-video-preview:-1"},"canonical":"https:\/\/jeunes-ailes.asso.fr\/site\/index.php\/2023\/04\/27\/aerobivouac-saison-3\/","og_locale":"fr_FR","og_type":"article","og_title":"A\u00e9robivouac saison 3 - Jeunes Ailes","og_description":"[vc_row][vc_column][vc_column_text]Chers Jeunes Ailes, Nous avons le plaisir de vous annoncer le lancement de la 3\u00e8me saison des A\u00e9robivouacs ! Nous vous convions les : &#8211; 22-23 juillet \u00e0 St Jean en Royans Vercors &#8211; LFKE &#8211; 26-27 ao\u00fbt \u00e0 Toviere Val d\u2019Isere &#8211; LF7325 Programmes d\u00e9taill\u00e9s \u00e0 venir sur www.aerobivouac.com Bons vols et \u00e0 tr\u00e8s bient\u00f4t ! bande annonce disponible en 4K sur https:\/\/vimeo.com\/airfilmsfr\/aerobivouac[\/vc_column_text][\/vc_column][\/vc_row][vc_row][vc_column][vc_video link=&#8221;https:\/\/vimeo.com\/airfilmsfr\/aerobivouac&#8221;][\/vc_column][\/vc_row][vc_row][vc_column][tm_image align=&#8221;center&#8221; image=&#8221;5680&#8243;][\/vc_column][\/vc_row]","og_url":"https:\/\/jeunes-ailes.asso.fr\/site\/index.php\/2023\/04\/27\/aerobivouac-saison-3\/","og_site_name":"Jeunes Ailes","article_publisher":"https:\/\/fr-fr.facebook.com\/groups\/jeunesailes","article_published_time":"2023-04-27T19:24:26+00:00","article_modified_time":"2023-06-13T11:41:00+00:00","og_image":[{"width":1170,"height":973,"url":"https:\/\/jeunes-ailes.asso.fr\/site\/wp-content\/uploads\/2023\/04\/logo-Aerobivouac-Jeunes-Ailes.jpg","type":"image\/jpeg"}],"twitter_card":"summary_large_image","twitter_misc":{"\u00c9crit par":"Julien JAY","Dur\u00e9e de lecture estim\u00e9e":"1 minute"},"schema":{"@context":"https:\/\/schema.org","@graph":[{"@type":"Organization","@id":"https:\/\/jeunes-ailes.asso.fr\/site\/#organization","name":"Jeunes Ailes","url":"https:\/\/jeunes-ailes.asso.fr\/site\/","sameAs":["https:\/\/fr-fr.facebook.com\/groups\/jeunesailes","https:\/\/www.instagram.com\/jeunes_ailes_association\/","https:\/\/www.linkedin.com\/company\/jeunes-ailes","https:\/\/www.youtube.com\/playlist?list=PLMEx60-fXLQt8yMxQ0iUZznXvUdgvr6WR","https:\/\/fr.wikipedia.org\/wiki\/JA"],"logo":{"@type":"ImageObject","@id":"https:\/\/jeunes-ailes.asso.fr\/site\/#logo","inLanguage":"fr-FR","url":"https:\/\/jeunes-ailes.asso.fr\/site\/wp-content\/uploads\/2018\/05\/logo-jeunes-ailes.png","contentUrl":"https:\/\/jeunes-ailes.asso.fr\/site\/wp-content\/uploads\/2018\/05\/logo-jeunes-ailes.png","width":500,"height":464,"caption":"Jeunes Ailes"},"image":{"@id":"https:\/\/jeunes-ailes.asso.fr\/site\/#logo"}},{"@type":"WebSite","@id":"https:\/\/jeunes-ailes.asso.fr\/site\/#website","url":"https:\/\/jeunes-ailes.asso.fr\/site\/","name":"Jeunes Ailes","description":"le site officiel de l&#039;association Jeunes Ailes, les passionn\u00e9s d&#039;a\u00e9ronautique","publisher":{"@id":"https:\/\/jeunes-ailes.asso.fr\/site\/#organization"},"potentialAction":[{"@type":"SearchAction","target":{"@type":"EntryPoint","urlTemplate":"https:\/\/jeunes-ailes.asso.fr\/site\/?s={search_term_string}"},"query-input":"required name=search_term_string"}],"inLanguage":"fr-FR"},{"@type":"ImageObject","@id":"https:\/\/jeunes-ailes.asso.fr\/site\/index.php\/2023\/04\/27\/aerobivouac-saison-3\/#primaryimage","inLanguage":"fr-FR","url":"https:\/\/jeunes-ailes.asso.fr\/site\/wp-content\/uploads\/2023\/04\/logo-Aerobivouac-Jeunes-Ailes.jpg","contentUrl":"https:\/\/jeunes-ailes.asso.fr\/site\/wp-content\/uploads\/2023\/04\/logo-Aerobivouac-Jeunes-Ailes.jpg","width":1170,"height":973},{"@type":"WebPage","@id":"https:\/\/jeunes-ailes.asso.fr\/site\/index.php\/2023\/04\/27\/aerobivouac-saison-3\/#webpage","url":"https:\/\/jeunes-ailes.asso.fr\/site\/index.php\/2023\/04\/27\/aerobivouac-saison-3\/","name":"A\u00e9robivouac saison 3 - Jeunes Ailes","isPartOf":{"@id":"https:\/\/jeunes-ailes.asso.fr\/site\/#website"},"primaryImageOfPage":{"@id":"https:\/\/jeunes-ailes.asso.fr\/site\/index.php\/2023\/04\/27\/aerobivouac-saison-3\/#primaryimage"},"datePublished":"2023-04-27T19:24:26+00:00","dateModified":"2023-06-13T11:41:00+00:00","breadcrumb":{"@id":"https:\/\/jeunes-ailes.asso.fr\/site\/index.php\/2023\/04\/27\/aerobivouac-saison-3\/#breadcrumb"},"inLanguage":"fr-FR","potentialAction":[{"@type":"ReadAction","target":["https:\/\/jeunes-ailes.asso.fr\/site\/index.php\/2023\/04\/27\/aerobivouac-saison-3\/"]}]},{"@type":"BreadcrumbList","@id":"https:\/\/jeunes-ailes.asso.fr\/site\/index.php\/2023\/04\/27\/aerobivouac-saison-3\/#breadcrumb","itemListElement":[{"@type":"ListItem","position":1,"name":"Home","item":"https:\/\/jeunes-ailes.asso.fr\/site\/"},{"@type":"ListItem","position":2,"name":"A\u00e9robivouac saison 3"}]},{"@type":"Article","@id":"https:\/\/jeunes-ailes.asso.fr\/site\/index.php\/2023\/04\/27\/aerobivouac-saison-3\/#article","isPartOf":{"@id":"https:\/\/jeunes-ailes.asso.fr\/site\/index.php\/2023\/04\/27\/aerobivouac-saison-3\/#webpage"},"author":{"@id":"https:\/\/jeunes-ailes.asso.fr\/site\/#\/schema\/person\/a3b9b4ac9f131e9bdb3409e4de6d520b"},"headline":"A\u00e9robivouac saison 3","datePublished":"2023-04-27T19:24:26+00:00","dateModified":"2023-06-13T11:41:00+00:00","mainEntityOfPage":{"@id":"https:\/\/jeunes-ailes.asso.fr\/site\/index.php\/2023\/04\/27\/aerobivouac-saison-3\/#webpage"},"wordCount":116,"commentCount":0,"publisher":{"@id":"https:\/\/jeunes-ailes.asso.fr\/site\/#organization"},"image":{"@id":"https:\/\/jeunes-ailes.asso.fr\/site\/index.php\/2023\/04\/27\/aerobivouac-saison-3\/#primaryimage"},"thumbnailUrl":"https:\/\/jeunes-ailes.asso.fr\/site\/wp-content\/uploads\/2023\/04\/logo-Aerobivouac-Jeunes-Ailes.jpg","articleSection":["Agenda","Association","Jeunes Ailes","Vol Montagne"],"inLanguage":"fr-FR","potentialAction":[{"@type":"CommentAction","name":"Comment","target":["https:\/\/jeunes-ailes.asso.fr\/site\/index.php\/2023\/04\/27\/aerobivouac-saison-3\/#respond"]}]},{"@type":"Person","@id":"https:\/\/jeunes-ailes.asso.fr\/site\/#\/schema\/person\/a3b9b4ac9f131e9bdb3409e4de6d520b","name":"Julien JAY","image":{"@type":"ImageObject","@id":"https:\/\/jeunes-ailes.asso.fr\/site\/#personlogo","inLanguage":"fr-FR","url":"https:\/\/secure.gravatar.com\/avatar\/2a69cf2ffcd3821797dedeb14bb1ddf52bb490ed8bf14e8f2b7eaff488db632e?s=96&d=mm&r=g","contentUrl":"https:\/\/secure.gravatar.com\/avatar\/2a69cf2ffcd3821797dedeb14bb1ddf52bb490ed8bf14e8f2b7eaff488db632e?s=96&d=mm&r=g","caption":"Julien JAY"},"description":"Pr\u00e9sident fondateur de l'association Jeunes Aileswww.jeunes-ailes.asso.fr. Passionn\u00e9 d'aviation et de montagne. www.volmontagne.com","sameAs":["http:\/\/www.volmontagne.com","https:\/\/www.instagram.com\/julienjay38\/","https:\/\/www.linkedin.com\/in\/jayjulien\/","https:\/\/vimeo.com\/airfilmsfr","https:\/\/soundcloud.com\/julienjay38\/sets\/top"],"url":"https:\/\/jeunes-ailes.asso.fr\/site\/index.php\/author\/julien\/"}]}},"_links":{"self":[{"href":"https:\/\/jeunes-ailes.asso.fr\/site\/index.php\/wp-json\/wp\/v2\/posts\/5888","targetHints":{"allow":["GET"]}}],"collection":[{"href":"https:\/\/jeunes-ailes.asso.fr\/site\/index.php\/wp-json\/wp\/v2\/posts"}],"about":[{"href":"https:\/\/jeunes-ailes.asso.fr\/site\/index.php\/wp-json\/wp\/v2\/types\/post"}],"author":[{"embeddable":true,"href":"https:\/\/jeunes-ailes.asso.fr\/site\/index.php\/wp-json\/wp\/v2\/users\/1"}],"replies":[{"embeddable":true,"href":"https:\/\/jeunes-ailes.asso.fr\/site\/index.php\/wp-json\/wp\/v2\/comments?post=5888"}],"version-history":[{"count":5,"href":"https:\/\/jeunes-ailes.asso.fr\/site\/index.php\/wp-json\/wp\/v2\/posts\/5888\/revisions"}],"predecessor-version":[{"id":6034,"href":"https:\/\/jeunes-ailes.asso.fr\/site\/index.php\/wp-json\/wp\/v2\/posts\/5888\/revisions\/6034"}],"wp:featuredmedia":[{"embeddable":true,"href":"https:\/\/jeunes-ailes.asso.fr\/site\/index.php\/wp-json\/wp\/v2\/media\/5891"}],"wp:attachment":[{"href":"https:\/\/jeunes-ailes.asso.fr\/site\/index.php\/wp-json\/wp\/v2\/media?parent=5888"}],"wp:term":[{"taxonomy":"category","embeddable":true,"href":"https:\/\/jeunes-ailes.asso.fr\/site\/index.php\/wp-json\/wp\/v2\/categories?post=5888"},{"taxonomy":"post_tag","embeddable":true,"href":"https:\/\/jeunes-ailes.asso.fr\/site\/index.php\/wp-json\/wp\/v2\/tags?post=5888"}],"curies":[{"name":"wp","href":"https:\/\/api.w.org\/{rel}","templated":true}]}}