{"id":5457,"date":"2022-02-22T13:59:32","date_gmt":"2022-02-22T12:59:32","guid":{"rendered":"https:\/\/jeunes-ailes.asso.fr\/site\/?p=5457"},"modified":"2022-02-22T18:35:57","modified_gmt":"2022-02-22T17:35:57","slug":"vol-de-printemps-sud-2022-gap-lfna-2","status":"publish","type":"post","link":"https:\/\/jeunes-ailes.asso.fr\/site\/index.php\/2022\/02\/22\/vol-de-printemps-sud-2022-gap-lfna-2\/","title":{"rendered":"16 Avril &#8211; Vol de Printemps Sud 2022 &#8211; Gap LFNA"},"content":{"rendered":"\n<p>Malheureusement cet \u00e9v\u00e9nement a \u00e9t\u00e9 victime du virus en 2021. Les conditions sanitaires ainsi que les consignes gouvernementales nous permettent de reporter notre Vol de Printemps \u00e0 Gap en 2022 !<\/p>\n\n\n\n<p>&nbsp;<\/p>\n\n\n\n<p>Cette ann\u00e9e, notre Vol de Printemps Sud est l&#8217;occasion de nous retrouver sur ce bel a\u00e9rodrome implant\u00e9 dans les Hautes-Alpes. Le programme s&#8217;annonce fort sympathique !<\/p>\n\n\n\n<ul class=\"wp-block-list\"><li>RDV dans la matin\u00e9e \u00e0 partir de 9h30 (no stress, ceci n&#8217;est pas une obligation, on vous attendra. SAFETY FIRST !)<\/li><li>Matin\u00e9e : visite group\u00e9e du si\u00e8ge social de &#8220;H\u00e9licopt\u00e8res de France&#8221; pour une pr\u00e9sentation de la compagnie et de ses ateliers PART-145. <a href=\"https:\/\/l.facebook.com\/l.php?u=http%3A%2F%2Fwww.hdf.fr%2F%3Ffbclid%3DIwAR0jkTTY536CsIjGfIWnrKdcmeOf1mUrQOtic25NqyFsYWQYVyA3n7CY-eU&amp;h=AT1sRLfXml4IABWZOtwDks6zLGQfTeaQocMMcgHIIssoRtjsckij3nmrWnWlVufjkHSLsd7uRmqatnNTDcOgKFhDtX9xYPSaUG_JIPJgh6KRXjre6BdIAnjzW3cpeveL8w&amp;__tn__=-UK-R&amp;c[0]=AT0zk_hxCa3TzM_vL5V1k2LjBeQPWArfureSUjmMct-hKzOLCJVrgtr_dNFqY4txjC8U1IUQ-rdRTN6XEWfMvX1U3xBXxZfD1r-l1VUMdx2O2pg1VIACAAAKAXu2n5ZToUgUURoNTc__Ssws744NyNx5rUpu6PUqaSOctISr_gfPC_5KkS006VnoJmX2Hk30J9hWCEXVBDYuWo4cdg\" target=\"_blank\" rel=\"noreferrer noopener\"><span style=\"color:#0693e3\" class=\"tadv-color\">www.hdf.fr<\/span><\/a>.<\/li><li>Restauration : le Looping (refaites un calcul de Masse &amp; Centrage apr\u00e8s, on ne sait jamais)<\/li><li>Apr\u00e8s-midi : \u00e9change avec <a href=\"https:\/\/www.urlachair.com\/\" target=\"_blank\" rel=\"noreferrer noopener\"><span style=\"color:#0693e3\" class=\"tadv-color\">Jean-Marie URLACHER<\/span><\/a>, c\u00e9l\u00e8bre photographe Air to Air !<\/li><li>Retour des participants (\u00e0 l&#8217;heure que vous choisirez)<\/li><\/ul>\n\n\n\n<p>Rendez-vous le 16 avril 2022 (ou le 30 avril en cas de report m\u00e9t\u00e9o). <strong>Pensez \u00e0 vous inscrire ici :<\/strong><\/p>\n\n\n\n<p><strong><a href=\"https:\/\/l.facebook.com\/l.php?u=https%3A%2F%2Fwww.helloasso.com%2Fassociations%2Fassociation-jeunes-ailes%2Fevenements%2Fvol-de-printemps-sud-a-gap-2022%3Ffbclid%3DIwAR3NwkbZAforM4R0AR6Kgru4OTufiHFAjx7n346dOJ12r9beASAHuPXb5YA&amp;h=AT3dsEWrf-7X5RYsMr-9eIBwmhLHvELw7-yj6dcSlBztJknZ6rCssI5XvUEKKgTFWu25HxKqZfL9iQZTwAqICbzvDGWxmzO1VDd0Ol2HVHq3q-UvU6i5ZXTSqZwTw9SSOpXHlw\" target=\"_blank\" rel=\"noreferrer noopener\"><span style=\"color:#0693e3\" class=\"tadv-color\">INSCRIPTIONS OBLIGATOIRES<\/span><\/a><\/strong><\/p>\n\n\n\n<p><strong>Pensez \u00e9galement \u00e0 bloquer votre avion pour ces deux dates !<\/strong><\/p>\n\n\n\n<p>Attention, il ne s&#8217;ag\u00eet pas d&#8217;une manifestation a\u00e9rienne mais d&#8217;un RDV. Libre \u00e0 chacun de venir avec le v\u00e9hicule a\u00e9rien ou terrestre de son choix. La s\u00e9curit\u00e9 est notre mot pr\u00e9f\u00e9r\u00e9 dans l&#8217;aviation. De plus cet \u00e9v\u00e9nement est ouvert \u00e0 TOUS (membres et non-membres de l&#8217;Asso), nous exigeons que chacun fasse preuve d&#8217;une attitude correcte et respectueuse envers les personnes qui nous re\u00e7oivent (les fous rires entre copains sont vivement conseill\u00e9s). Que chacun prenne un maximum de plaisir sur ce Vol De Printemps SUD 2022 !<\/p>\n\n\n\n<p>&nbsp;<\/p>\n\n\n\n<p>&nbsp;<\/p>\n","protected":false},"excerpt":{"rendered":"<p>Malheureusement cet \u00e9v\u00e9nement a \u00e9t\u00e9 victime du virus en 2021. Les conditions sanitaires ainsi que les consignes gouvernementales nous permettent de reporter notre Vol de Printemps \u00e0 Gap en 2022 ! &nbsp; Cette ann\u00e9e, notre Vol de Printemps Sud est l&#8217;occasion de nous retrouver sur ce bel a\u00e9rodrome implant\u00e9 dans les Hautes-Alpes. Le programme s&#8217;annonce fort sympathique ! RDV dans la matin\u00e9e \u00e0 partir de 9h30 (no stress, ceci n&#8217;est pas une obligation, on vous attendra. SAFETY FIRST !) Matin\u00e9e : visite group\u00e9e du si\u00e8ge social de &#8220;H\u00e9licopt\u00e8res de France&#8221; pour une pr\u00e9sentation de la compagnie et de ses ateliers PART-145. www.hdf.fr. Restauration : le Looping (refaites un calcul de Masse &amp; Centrage apr\u00e8s, on ne sait jamais) Apr\u00e8s-midi : \u00e9change avec Jean-Marie URLACHER, c\u00e9l\u00e8bre photographe Air to Air ! Retour des participants (\u00e0 l&#8217;heure que vous choisirez) Rendez-vous le 16 avril 2022 (ou le 30 avril en cas de report m\u00e9t\u00e9o). Pensez \u00e0 vous inscrire ici : INSCRIPTIONS OBLIGATOIRES Pensez \u00e9galement \u00e0 bloquer votre avion pour ces deux dates ! Attention, il ne s&#8217;ag\u00eet pas d&#8217;une manifestation a\u00e9rienne mais d&#8217;un RDV. Libre \u00e0 chacun de venir avec le v\u00e9hicule a\u00e9rien ou terrestre de son choix. La s\u00e9curit\u00e9 est notre mot pr\u00e9f\u00e9r\u00e9 dans l&#8217;aviation. De plus cet \u00e9v\u00e9nement est ouvert \u00e0 TOUS (membres et non-membres de l&#8217;Asso), nous exigeons que chacun fasse preuve d&#8217;une attitude correcte et respectueuse envers les personnes qui nous re\u00e7oivent (les fous rires entre copains sont vivement conseill\u00e9s). Que chacun prenne un maximum de plaisir sur ce Vol De Printemps SUD 2022 ! &nbsp; &nbsp;<\/p>\n","protected":false},"author":3,"featured_media":5458,"comment_status":"open","ping_status":"open","sticky":false,"template":"","format":"standard","meta":{"_mi_skip_tracking":false,"footnotes":""},"categories":[209,206,208],"tags":[246,243,247,248,242,244,245,241],"class_list":["post-5457","post","type-post","status-publish","format-standard","has-post-thumbnail","hentry","category-agenda","category-jeunes-ailes","category-news","tag-evenement","tag-gap","tag-gratuit","tag-helicoptere","tag-jeunesailes","tag-lfna","tag-vdps21","tag-vol-de-printemps"],"yoast_head":"<!-- This site is optimized with the Yoast SEO plugin v17.8 - https:\/\/yoast.com\/wordpress\/plugins\/seo\/ -->\n<title>16 Avril - Vol de Printemps Sud 2022 - Gap LFNA - Jeunes Ailes<\/title>\n<meta name=\"robots\" content=\"index, follow, max-snippet:-1, max-image-preview:large, max-video-preview:-1\" \/>\n<link rel=\"canonical\" href=\"https:\/\/jeunes-ailes.asso.fr\/site\/index.php\/2022\/02\/22\/vol-de-printemps-sud-2022-gap-lfna-2\/\" \/>\n<meta property=\"og:locale\" content=\"fr_FR\" \/>\n<meta property=\"og:type\" content=\"article\" \/>\n<meta property=\"og:title\" content=\"16 Avril - Vol de Printemps Sud 2022 - Gap LFNA - Jeunes Ailes\" \/>\n<meta property=\"og:description\" content=\"Malheureusement cet \u00e9v\u00e9nement a \u00e9t\u00e9 victime du virus en 2021. Les conditions sanitaires ainsi que les consignes gouvernementales nous permettent de reporter notre Vol de Printemps \u00e0 Gap en 2022 ! &nbsp; Cette ann\u00e9e, notre Vol de Printemps Sud est l&#8217;occasion de nous retrouver sur ce bel a\u00e9rodrome implant\u00e9 dans les Hautes-Alpes. Le programme s&#8217;annonce fort sympathique ! RDV dans la matin\u00e9e \u00e0 partir de 9h30 (no stress, ceci n&#8217;est pas une obligation, on vous attendra. SAFETY FIRST !) Matin\u00e9e : visite group\u00e9e du si\u00e8ge social de &#8220;H\u00e9licopt\u00e8res de France&#8221; pour une pr\u00e9sentation de la compagnie et de ses ateliers PART-145. www.hdf.fr. Restauration : le Looping (refaites un calcul de Masse &amp; Centrage apr\u00e8s, on ne sait jamais) Apr\u00e8s-midi : \u00e9change avec Jean-Marie URLACHER, c\u00e9l\u00e8bre photographe Air to Air ! Retour des participants (\u00e0 l&#8217;heure que vous choisirez) Rendez-vous le 16 avril 2022 (ou le 30 avril en cas de report m\u00e9t\u00e9o). Pensez \u00e0 vous inscrire ici : INSCRIPTIONS OBLIGATOIRES Pensez \u00e9galement \u00e0 bloquer votre avion pour ces deux dates ! Attention, il ne s&#8217;ag\u00eet pas d&#8217;une manifestation a\u00e9rienne mais d&#8217;un RDV. Libre \u00e0 chacun de venir avec le v\u00e9hicule a\u00e9rien ou terrestre de son choix. La s\u00e9curit\u00e9 est notre mot pr\u00e9f\u00e9r\u00e9 dans l&#8217;aviation. De plus cet \u00e9v\u00e9nement est ouvert \u00e0 TOUS (membres et non-membres de l&#8217;Asso), nous exigeons que chacun fasse preuve d&#8217;une attitude correcte et respectueuse envers les personnes qui nous re\u00e7oivent (les fous rires entre copains sont vivement conseill\u00e9s). Que chacun prenne un maximum de plaisir sur ce Vol De Printemps SUD 2022 ! &nbsp; &nbsp;\" \/>\n<meta property=\"og:url\" content=\"https:\/\/jeunes-ailes.asso.fr\/site\/index.php\/2022\/02\/22\/vol-de-printemps-sud-2022-gap-lfna-2\/\" \/>\n<meta property=\"og:site_name\" content=\"Jeunes Ailes\" \/>\n<meta property=\"article:publisher\" content=\"https:\/\/fr-fr.facebook.com\/groups\/jeunesailes\" \/>\n<meta property=\"article:published_time\" content=\"2022-02-22T12:59:32+00:00\" \/>\n<meta property=\"article:modified_time\" content=\"2022-02-22T17:35:57+00:00\" \/>\n<meta property=\"og:image\" content=\"https:\/\/jeunes-ailes.asso.fr\/site\/wp-content\/uploads\/2022\/02\/Affiche-VPS2022.png\" \/>\n\t<meta property=\"og:image:width\" content=\"794\" \/>\n\t<meta property=\"og:image:height\" content=\"1123\" \/>\n<meta name=\"twitter:card\" content=\"summary_large_image\" \/>\n<meta name=\"twitter:label1\" content=\"\u00c9crit par\" \/>\n\t<meta name=\"twitter:data1\" content=\"J\u00e9r\u00f4me CHAMOUX\" \/>\n\t<meta name=\"twitter:label2\" content=\"Dur\u00e9e de lecture estim\u00e9e\" \/>\n\t<meta name=\"twitter:data2\" content=\"2 minutes\" \/>\n<script type=\"application\/ld+json\" class=\"yoast-schema-graph\">{\"@context\":\"https:\/\/schema.org\",\"@graph\":[{\"@type\":\"Organization\",\"@id\":\"https:\/\/jeunes-ailes.asso.fr\/site\/#organization\",\"name\":\"Jeunes Ailes\",\"url\":\"https:\/\/jeunes-ailes.asso.fr\/site\/\",\"sameAs\":[\"https:\/\/fr-fr.facebook.com\/groups\/jeunesailes\",\"https:\/\/www.instagram.com\/jeunes_ailes_association\/\",\"https:\/\/www.linkedin.com\/company\/jeunes-ailes\",\"https:\/\/www.youtube.com\/playlist?list=PLMEx60-fXLQt8yMxQ0iUZznXvUdgvr6WR\",\"https:\/\/fr.wikipedia.org\/wiki\/JA\"],\"logo\":{\"@type\":\"ImageObject\",\"@id\":\"https:\/\/jeunes-ailes.asso.fr\/site\/#logo\",\"inLanguage\":\"fr-FR\",\"url\":\"https:\/\/jeunes-ailes.asso.fr\/site\/wp-content\/uploads\/2018\/05\/logo-jeunes-ailes.png\",\"contentUrl\":\"https:\/\/jeunes-ailes.asso.fr\/site\/wp-content\/uploads\/2018\/05\/logo-jeunes-ailes.png\",\"width\":500,\"height\":464,\"caption\":\"Jeunes Ailes\"},\"image\":{\"@id\":\"https:\/\/jeunes-ailes.asso.fr\/site\/#logo\"}},{\"@type\":\"WebSite\",\"@id\":\"https:\/\/jeunes-ailes.asso.fr\/site\/#website\",\"url\":\"https:\/\/jeunes-ailes.asso.fr\/site\/\",\"name\":\"Jeunes Ailes\",\"description\":\"le site officiel de l&#039;association Jeunes Ailes, les passionn\\u00e9s d&#039;a\\u00e9ronautique\",\"publisher\":{\"@id\":\"https:\/\/jeunes-ailes.asso.fr\/site\/#organization\"},\"potentialAction\":[{\"@type\":\"SearchAction\",\"target\":{\"@type\":\"EntryPoint\",\"urlTemplate\":\"https:\/\/jeunes-ailes.asso.fr\/site\/?s={search_term_string}\"},\"query-input\":\"required name=search_term_string\"}],\"inLanguage\":\"fr-FR\"},{\"@type\":\"ImageObject\",\"@id\":\"https:\/\/jeunes-ailes.asso.fr\/site\/index.php\/2022\/02\/22\/vol-de-printemps-sud-2022-gap-lfna-2\/#primaryimage\",\"inLanguage\":\"fr-FR\",\"url\":\"https:\/\/jeunes-ailes.asso.fr\/site\/wp-content\/uploads\/2022\/02\/Affiche-VPS2022.png\",\"contentUrl\":\"https:\/\/jeunes-ailes.asso.fr\/site\/wp-content\/uploads\/2022\/02\/Affiche-VPS2022.png\",\"width\":794,\"height\":1123},{\"@type\":\"WebPage\",\"@id\":\"https:\/\/jeunes-ailes.asso.fr\/site\/index.php\/2022\/02\/22\/vol-de-printemps-sud-2022-gap-lfna-2\/#webpage\",\"url\":\"https:\/\/jeunes-ailes.asso.fr\/site\/index.php\/2022\/02\/22\/vol-de-printemps-sud-2022-gap-lfna-2\/\",\"name\":\"16 Avril - Vol de Printemps Sud 2022 - Gap LFNA - Jeunes Ailes\",\"isPartOf\":{\"@id\":\"https:\/\/jeunes-ailes.asso.fr\/site\/#website\"},\"primaryImageOfPage\":{\"@id\":\"https:\/\/jeunes-ailes.asso.fr\/site\/index.php\/2022\/02\/22\/vol-de-printemps-sud-2022-gap-lfna-2\/#primaryimage\"},\"datePublished\":\"2022-02-22T12:59:32+00:00\",\"dateModified\":\"2022-02-22T17:35:57+00:00\",\"breadcrumb\":{\"@id\":\"https:\/\/jeunes-ailes.asso.fr\/site\/index.php\/2022\/02\/22\/vol-de-printemps-sud-2022-gap-lfna-2\/#breadcrumb\"},\"inLanguage\":\"fr-FR\",\"potentialAction\":[{\"@type\":\"ReadAction\",\"target\":[\"https:\/\/jeunes-ailes.asso.fr\/site\/index.php\/2022\/02\/22\/vol-de-printemps-sud-2022-gap-lfna-2\/\"]}]},{\"@type\":\"BreadcrumbList\",\"@id\":\"https:\/\/jeunes-ailes.asso.fr\/site\/index.php\/2022\/02\/22\/vol-de-printemps-sud-2022-gap-lfna-2\/#breadcrumb\",\"itemListElement\":[{\"@type\":\"ListItem\",\"position\":1,\"name\":\"Home\",\"item\":\"https:\/\/jeunes-ailes.asso.fr\/site\/\"},{\"@type\":\"ListItem\",\"position\":2,\"name\":\"16 Avril &#8211; Vol de Printemps Sud 2022 &#8211; Gap LFNA\"}]},{\"@type\":\"Article\",\"@id\":\"https:\/\/jeunes-ailes.asso.fr\/site\/index.php\/2022\/02\/22\/vol-de-printemps-sud-2022-gap-lfna-2\/#article\",\"isPartOf\":{\"@id\":\"https:\/\/jeunes-ailes.asso.fr\/site\/index.php\/2022\/02\/22\/vol-de-printemps-sud-2022-gap-lfna-2\/#webpage\"},\"author\":{\"@id\":\"https:\/\/jeunes-ailes.asso.fr\/site\/#\/schema\/person\/8a730acfe0392d479d9c7f23f4153a79\"},\"headline\":\"16 Avril &#8211; Vol de Printemps Sud 2022 &#8211; Gap LFNA\",\"datePublished\":\"2022-02-22T12:59:32+00:00\",\"dateModified\":\"2022-02-22T17:35:57+00:00\",\"mainEntityOfPage\":{\"@id\":\"https:\/\/jeunes-ailes.asso.fr\/site\/index.php\/2022\/02\/22\/vol-de-printemps-sud-2022-gap-lfna-2\/#webpage\"},\"wordCount\":273,\"commentCount\":0,\"publisher\":{\"@id\":\"https:\/\/jeunes-ailes.asso.fr\/site\/#organization\"},\"image\":{\"@id\":\"https:\/\/jeunes-ailes.asso.fr\/site\/index.php\/2022\/02\/22\/vol-de-printemps-sud-2022-gap-lfna-2\/#primaryimage\"},\"thumbnailUrl\":\"https:\/\/jeunes-ailes.asso.fr\/site\/wp-content\/uploads\/2022\/02\/Affiche-VPS2022.png\",\"keywords\":[\"\\u00e9v\\u00e9nement\",\"gap\",\"gratuit\",\"h\\u00e9licopt\\u00e8re\",\"jeunesailes\",\"lfna\",\"VDPS21\",\"vol de printemps\"],\"articleSection\":[\"Agenda\",\"Jeunes Ailes\",\"News\"],\"inLanguage\":\"fr-FR\",\"potentialAction\":[{\"@type\":\"CommentAction\",\"name\":\"Comment\",\"target\":[\"https:\/\/jeunes-ailes.asso.fr\/site\/index.php\/2022\/02\/22\/vol-de-printemps-sud-2022-gap-lfna-2\/#respond\"]}]},{\"@type\":\"Person\",\"@id\":\"https:\/\/jeunes-ailes.asso.fr\/site\/#\/schema\/person\/8a730acfe0392d479d9c7f23f4153a79\",\"name\":\"J\\u00e9r\\u00f4me CHAMOUX\",\"image\":{\"@type\":\"ImageObject\",\"@id\":\"https:\/\/jeunes-ailes.asso.fr\/site\/#personlogo\",\"inLanguage\":\"fr-FR\",\"url\":\"https:\/\/jeunes-ailes.asso.fr\/site\/wp-content\/uploads\/2021\/03\/Jerome_Chamoux-96x96.jpg\",\"contentUrl\":\"https:\/\/jeunes-ailes.asso.fr\/site\/wp-content\/uploads\/2021\/03\/Jerome_Chamoux-96x96.jpg\",\"caption\":\"J\\u00e9r\\u00f4me CHAMOUX\"},\"url\":\"https:\/\/jeunes-ailes.asso.fr\/site\/index.php\/author\/moux\/\"}]}<\/script>\n<!-- \/ Yoast SEO plugin. -->","yoast_head_json":{"title":"16 Avril - Vol de Printemps Sud 2022 - Gap LFNA - Jeunes Ailes","robots":{"index":"index","follow":"follow","max-snippet":"max-snippet:-1","max-image-preview":"max-image-preview:large","max-video-preview":"max-video-preview:-1"},"canonical":"https:\/\/jeunes-ailes.asso.fr\/site\/index.php\/2022\/02\/22\/vol-de-printemps-sud-2022-gap-lfna-2\/","og_locale":"fr_FR","og_type":"article","og_title":"16 Avril - Vol de Printemps Sud 2022 - Gap LFNA - Jeunes Ailes","og_description":"Malheureusement cet \u00e9v\u00e9nement a \u00e9t\u00e9 victime du virus en 2021. Les conditions sanitaires ainsi que les consignes gouvernementales nous permettent de reporter notre Vol de Printemps \u00e0 Gap en 2022 ! &nbsp; Cette ann\u00e9e, notre Vol de Printemps Sud est l&#8217;occasion de nous retrouver sur ce bel a\u00e9rodrome implant\u00e9 dans les Hautes-Alpes. Le programme s&#8217;annonce fort sympathique ! RDV dans la matin\u00e9e \u00e0 partir de 9h30 (no stress, ceci n&#8217;est pas une obligation, on vous attendra. SAFETY FIRST !) Matin\u00e9e : visite group\u00e9e du si\u00e8ge social de &#8220;H\u00e9licopt\u00e8res de France&#8221; pour une pr\u00e9sentation de la compagnie et de ses ateliers PART-145. www.hdf.fr. Restauration : le Looping (refaites un calcul de Masse &amp; Centrage apr\u00e8s, on ne sait jamais) Apr\u00e8s-midi : \u00e9change avec Jean-Marie URLACHER, c\u00e9l\u00e8bre photographe Air to Air ! Retour des participants (\u00e0 l&#8217;heure que vous choisirez) Rendez-vous le 16 avril 2022 (ou le 30 avril en cas de report m\u00e9t\u00e9o). Pensez \u00e0 vous inscrire ici : INSCRIPTIONS OBLIGATOIRES Pensez \u00e9galement \u00e0 bloquer votre avion pour ces deux dates ! Attention, il ne s&#8217;ag\u00eet pas d&#8217;une manifestation a\u00e9rienne mais d&#8217;un RDV. Libre \u00e0 chacun de venir avec le v\u00e9hicule a\u00e9rien ou terrestre de son choix. La s\u00e9curit\u00e9 est notre mot pr\u00e9f\u00e9r\u00e9 dans l&#8217;aviation. De plus cet \u00e9v\u00e9nement est ouvert \u00e0 TOUS (membres et non-membres de l&#8217;Asso), nous exigeons que chacun fasse preuve d&#8217;une attitude correcte et respectueuse envers les personnes qui nous re\u00e7oivent (les fous rires entre copains sont vivement conseill\u00e9s). Que chacun prenne un maximum de plaisir sur ce Vol De Printemps SUD 2022 ! &nbsp; &nbsp;","og_url":"https:\/\/jeunes-ailes.asso.fr\/site\/index.php\/2022\/02\/22\/vol-de-printemps-sud-2022-gap-lfna-2\/","og_site_name":"Jeunes Ailes","article_publisher":"https:\/\/fr-fr.facebook.com\/groups\/jeunesailes","article_published_time":"2022-02-22T12:59:32+00:00","article_modified_time":"2022-02-22T17:35:57+00:00","og_image":[{"width":794,"height":1123,"url":"https:\/\/jeunes-ailes.asso.fr\/site\/wp-content\/uploads\/2022\/02\/Affiche-VPS2022.png","type":"image\/png"}],"twitter_card":"summary_large_image","twitter_misc":{"\u00c9crit par":"J\u00e9r\u00f4me CHAMOUX","Dur\u00e9e de lecture estim\u00e9e":"2 minutes"},"schema":{"@context":"https:\/\/schema.org","@graph":[{"@type":"Organization","@id":"https:\/\/jeunes-ailes.asso.fr\/site\/#organization","name":"Jeunes Ailes","url":"https:\/\/jeunes-ailes.asso.fr\/site\/","sameAs":["https:\/\/fr-fr.facebook.com\/groups\/jeunesailes","https:\/\/www.instagram.com\/jeunes_ailes_association\/","https:\/\/www.linkedin.com\/company\/jeunes-ailes","https:\/\/www.youtube.com\/playlist?list=PLMEx60-fXLQt8yMxQ0iUZznXvUdgvr6WR","https:\/\/fr.wikipedia.org\/wiki\/JA"],"logo":{"@type":"ImageObject","@id":"https:\/\/jeunes-ailes.asso.fr\/site\/#logo","inLanguage":"fr-FR","url":"https:\/\/jeunes-ailes.asso.fr\/site\/wp-content\/uploads\/2018\/05\/logo-jeunes-ailes.png","contentUrl":"https:\/\/jeunes-ailes.asso.fr\/site\/wp-content\/uploads\/2018\/05\/logo-jeunes-ailes.png","width":500,"height":464,"caption":"Jeunes Ailes"},"image":{"@id":"https:\/\/jeunes-ailes.asso.fr\/site\/#logo"}},{"@type":"WebSite","@id":"https:\/\/jeunes-ailes.asso.fr\/site\/#website","url":"https:\/\/jeunes-ailes.asso.fr\/site\/","name":"Jeunes Ailes","description":"le site officiel de l&#039;association Jeunes Ailes, les passionn\u00e9s d&#039;a\u00e9ronautique","publisher":{"@id":"https:\/\/jeunes-ailes.asso.fr\/site\/#organization"},"potentialAction":[{"@type":"SearchAction","target":{"@type":"EntryPoint","urlTemplate":"https:\/\/jeunes-ailes.asso.fr\/site\/?s={search_term_string}"},"query-input":"required name=search_term_string"}],"inLanguage":"fr-FR"},{"@type":"ImageObject","@id":"https:\/\/jeunes-ailes.asso.fr\/site\/index.php\/2022\/02\/22\/vol-de-printemps-sud-2022-gap-lfna-2\/#primaryimage","inLanguage":"fr-FR","url":"https:\/\/jeunes-ailes.asso.fr\/site\/wp-content\/uploads\/2022\/02\/Affiche-VPS2022.png","contentUrl":"https:\/\/jeunes-ailes.asso.fr\/site\/wp-content\/uploads\/2022\/02\/Affiche-VPS2022.png","width":794,"height":1123},{"@type":"WebPage","@id":"https:\/\/jeunes-ailes.asso.fr\/site\/index.php\/2022\/02\/22\/vol-de-printemps-sud-2022-gap-lfna-2\/#webpage","url":"https:\/\/jeunes-ailes.asso.fr\/site\/index.php\/2022\/02\/22\/vol-de-printemps-sud-2022-gap-lfna-2\/","name":"16 Avril - Vol de Printemps Sud 2022 - Gap LFNA - Jeunes Ailes","isPartOf":{"@id":"https:\/\/jeunes-ailes.asso.fr\/site\/#website"},"primaryImageOfPage":{"@id":"https:\/\/jeunes-ailes.asso.fr\/site\/index.php\/2022\/02\/22\/vol-de-printemps-sud-2022-gap-lfna-2\/#primaryimage"},"datePublished":"2022-02-22T12:59:32+00:00","dateModified":"2022-02-22T17:35:57+00:00","breadcrumb":{"@id":"https:\/\/jeunes-ailes.asso.fr\/site\/index.php\/2022\/02\/22\/vol-de-printemps-sud-2022-gap-lfna-2\/#breadcrumb"},"inLanguage":"fr-FR","potentialAction":[{"@type":"ReadAction","target":["https:\/\/jeunes-ailes.asso.fr\/site\/index.php\/2022\/02\/22\/vol-de-printemps-sud-2022-gap-lfna-2\/"]}]},{"@type":"BreadcrumbList","@id":"https:\/\/jeunes-ailes.asso.fr\/site\/index.php\/2022\/02\/22\/vol-de-printemps-sud-2022-gap-lfna-2\/#breadcrumb","itemListElement":[{"@type":"ListItem","position":1,"name":"Home","item":"https:\/\/jeunes-ailes.asso.fr\/site\/"},{"@type":"ListItem","position":2,"name":"16 Avril &#8211; Vol de Printemps Sud 2022 &#8211; Gap LFNA"}]},{"@type":"Article","@id":"https:\/\/jeunes-ailes.asso.fr\/site\/index.php\/2022\/02\/22\/vol-de-printemps-sud-2022-gap-lfna-2\/#article","isPartOf":{"@id":"https:\/\/jeunes-ailes.asso.fr\/site\/index.php\/2022\/02\/22\/vol-de-printemps-sud-2022-gap-lfna-2\/#webpage"},"author":{"@id":"https:\/\/jeunes-ailes.asso.fr\/site\/#\/schema\/person\/8a730acfe0392d479d9c7f23f4153a79"},"headline":"16 Avril &#8211; Vol de Printemps Sud 2022 &#8211; Gap LFNA","datePublished":"2022-02-22T12:59:32+00:00","dateModified":"2022-02-22T17:35:57+00:00","mainEntityOfPage":{"@id":"https:\/\/jeunes-ailes.asso.fr\/site\/index.php\/2022\/02\/22\/vol-de-printemps-sud-2022-gap-lfna-2\/#webpage"},"wordCount":273,"commentCount":0,"publisher":{"@id":"https:\/\/jeunes-ailes.asso.fr\/site\/#organization"},"image":{"@id":"https:\/\/jeunes-ailes.asso.fr\/site\/index.php\/2022\/02\/22\/vol-de-printemps-sud-2022-gap-lfna-2\/#primaryimage"},"thumbnailUrl":"https:\/\/jeunes-ailes.asso.fr\/site\/wp-content\/uploads\/2022\/02\/Affiche-VPS2022.png","keywords":["\u00e9v\u00e9nement","gap","gratuit","h\u00e9licopt\u00e8re","jeunesailes","lfna","VDPS21","vol de printemps"],"articleSection":["Agenda","Jeunes Ailes","News"],"inLanguage":"fr-FR","potentialAction":[{"@type":"CommentAction","name":"Comment","target":["https:\/\/jeunes-ailes.asso.fr\/site\/index.php\/2022\/02\/22\/vol-de-printemps-sud-2022-gap-lfna-2\/#respond"]}]},{"@type":"Person","@id":"https:\/\/jeunes-ailes.asso.fr\/site\/#\/schema\/person\/8a730acfe0392d479d9c7f23f4153a79","name":"J\u00e9r\u00f4me CHAMOUX","image":{"@type":"ImageObject","@id":"https:\/\/jeunes-ailes.asso.fr\/site\/#personlogo","inLanguage":"fr-FR","url":"https:\/\/jeunes-ailes.asso.fr\/site\/wp-content\/uploads\/2021\/03\/Jerome_Chamoux-96x96.jpg","contentUrl":"https:\/\/jeunes-ailes.asso.fr\/site\/wp-content\/uploads\/2021\/03\/Jerome_Chamoux-96x96.jpg","caption":"J\u00e9r\u00f4me CHAMOUX"},"url":"https:\/\/jeunes-ailes.asso.fr\/site\/index.php\/author\/moux\/"}]}},"_links":{"self":[{"href":"https:\/\/jeunes-ailes.asso.fr\/site\/index.php\/wp-json\/wp\/v2\/posts\/5457","targetHints":{"allow":["GET"]}}],"collection":[{"href":"https:\/\/jeunes-ailes.asso.fr\/site\/index.php\/wp-json\/wp\/v2\/posts"}],"about":[{"href":"https:\/\/jeunes-ailes.asso.fr\/site\/index.php\/wp-json\/wp\/v2\/types\/post"}],"author":[{"embeddable":true,"href":"https:\/\/jeunes-ailes.asso.fr\/site\/index.php\/wp-json\/wp\/v2\/users\/3"}],"replies":[{"embeddable":true,"href":"https:\/\/jeunes-ailes.asso.fr\/site\/index.php\/wp-json\/wp\/v2\/comments?post=5457"}],"version-history":[{"count":4,"href":"https:\/\/jeunes-ailes.asso.fr\/site\/index.php\/wp-json\/wp\/v2\/posts\/5457\/revisions"}],"predecessor-version":[{"id":5464,"href":"https:\/\/jeunes-ailes.asso.fr\/site\/index.php\/wp-json\/wp\/v2\/posts\/5457\/revisions\/5464"}],"wp:featuredmedia":[{"embeddable":true,"href":"https:\/\/jeunes-ailes.asso.fr\/site\/index.php\/wp-json\/wp\/v2\/media\/5458"}],"wp:attachment":[{"href":"https:\/\/jeunes-ailes.asso.fr\/site\/index.php\/wp-json\/wp\/v2\/media?parent=5457"}],"wp:term":[{"taxonomy":"category","embeddable":true,"href":"https:\/\/jeunes-ailes.asso.fr\/site\/index.php\/wp-json\/wp\/v2\/categories?post=5457"},{"taxonomy":"post_tag","embeddable":true,"href":"https:\/\/jeunes-ailes.asso.fr\/site\/index.php\/wp-json\/wp\/v2\/tags?post=5457"}],"curies":[{"name":"wp","href":"https:\/\/api.w.org\/{rel}","templated":true}]}}