{"id":5004,"date":"2021-06-28T17:55:04","date_gmt":"2021-06-28T15:55:04","guid":{"rendered":"https:\/\/jeunes-ailes.asso.fr\/site\/?p=5004"},"modified":"2021-12-16T11:14:34","modified_gmt":"2021-12-16T10:14:34","slug":"aerobivouac-une-1er-edition-reussie-sur-laltisurface-de-saint-roch-mayeres","status":"publish","type":"post","link":"https:\/\/jeunes-ailes.asso.fr\/site\/index.php\/2021\/06\/28\/aerobivouac-une-1er-edition-reussie-sur-laltisurface-de-saint-roch-mayeres\/","title":{"rendered":"A\u00e9robivouac une 1\u00e8re \u00e9dition r\u00e9ussie sur l&#8217;altisurface de Saint Roch May\u00e8res"},"content":{"rendered":"[vc_row][vc_column][vc_column_text]\n<div class=\"o9v6fnle cxmmr5t8 oygrvhab hcukyx3x c1et5uql ii04i59q\">\n<div dir=\"auto\">30 participants, 15 a\u00e9ronefs (avion, ULM, h\u00e9lico), un super m\u00e9lange de g\u00e9n\u00e9rations le tout dans une tr\u00e8s bonne ambiance.<\/div>\n<div dir=\"auto\">Des participants ultra motiv\u00e9s venus pour certains de loin ! (Vosges, Paris, Cuers, Gap, etc..).<\/div>\n<div dir=\"auto\">Mention sp\u00e9ciale \u00e0 notre jeune pilote de plaine parisienne, Alice, qui du haut de ses 25 heures de vols a d\u00e9cid\u00e9e de venir d\u00e9couvrir le vol montagne avec nous ! (TGV, puis taxi jusqu&#8217;\u00e0 l&#8217;a\u00e9rodrome de Challes-les-Eaux afin que <span class=\"nc684nl6\">Thibaut <\/span>puisse l&#8217;emmener sur l&#8217;altisurface en Jodel).<\/div>\n<\/div>\n<div class=\"o9v6fnle cxmmr5t8 oygrvhab hcukyx3x c1et5uql ii04i59q\">\n<div dir=\"auto\">La venue de 3 journalistes de la presse a\u00e9ronautique et locale (Info Pilote, le Dauphin\u00e9, Le Messager).<\/div>\n<div dir=\"auto\">Enfin une note positive apr\u00e8s une p\u00e9riode un peu sombre. On retrouve le smile \u00e0 en juger sur la photo de groupe.<\/div>\n<div dir=\"auto\"><\/div>\n<\/div>\n<div class=\"o9v6fnle cxmmr5t8 oygrvhab hcukyx3x c1et5uql ii04i59q\">\n<div dir=\"auto\">En attendant le d\u00e9briefing complet de l&#8217;\u00e9v\u00e8nement on commence avec les magnifiques photos de notre ami <a class=\"oajrlxb2 g5ia77u1 qu0x051f esr5mh6w e9989ue4 r7d6kgcz rq0escxv nhd2j8a9 nc684nl6 p7hjln8o kvgmc6g5 cxmmr5t8 oygrvhab hcukyx3x jb3vyjys rz4wbd8a qt6c0cv9 a8nywdso i1ao9s8h esuyzwwr f1sip0of lzcic4wl q66pz984 gpro0wi8 b1v8xokw\" tabindex=\"0\" role=\"link\" href=\"https:\/\/www.facebook.com\/groups\/297303976957930\/user\/552465521\/?__cft__[0]=AZX0kxPKhDT_SY8d_vOaM6R01SY0sZRSC8NbfOCOrQLhQXQh0UwncLGfhst0n5RAICE8eqaPNEuC08sq3livjQJWIElzz7o0CRnYXeqmD1gAvpWTNinI-YHwdQYs9b2HFXehHZrDtu4vGlr5Fnkj7htPGJXXmyQyhnkyKJjCep5H0vjkT24bbExB6HAtgoCYtOA&amp;__tn__=-]K-R\"><span class=\"nc684nl6\">Jean-Marie Urlacher<\/span><\/a> sur A\u00e9robivouac !<\/div>\n<div dir=\"auto\"><\/div>\n<\/div>\n<div class=\"o9v6fnle cxmmr5t8 oygrvhab hcukyx3x c1et5uql ii04i59q\">\n<div dir=\"auto\">Merci \u00e0 tous les participants, l&#8217;\u00e9quipe organisatrice, le refuge de May\u00e8res et vivement la prochaine \u00e9dition !<\/div>\n<\/div>\n<div dir=\"auto\">\n<p><iframe loading=\"lazy\" src=\"\/\/www.youtube.com\/embed\/m2cdGcfm2mY\" width=\"560\" height=\"314\" allowfullscreen=\"allowfullscreen\"><\/iframe><\/p>\n<hr \/>\n<\/div>\n[\/vc_column_text][\/vc_column][\/vc_row][vc_row][vc_column][vc_media_grid style=&#8221;lazy&#8221; grid_id=&#8221;vc_gid:1639649650478-d43da67d95b3da97eab64ff83d3a82e6-10&#8243; include=&#8221;5051,5032,5014,5054,5053,5050,5048,5047,5046,5045,5043,5042,5041,5024,5039,5038,5037,5036,5035,5034,5033,5031,5030,5029,5028,5027,5026,5025,5023,5022,5044,5021,5020,5019,5018,5017,5016,5015,5013,5012,5011,5010,5009,5006&#8243;][vc_column_text]Droits d&#8217;auteur photos : Jeunes Ailes \u00a9 Jean-Marie Urlacher\u00a0\u00a0 \/\u00a0 Jeunes Ailes \u00a9 Julien JAY[\/vc_column_text][\/vc_column][\/vc_row][vc_row][vc_column][tm_spacer size=&#8221;lg:20&#8243;][vc_column_text]\n<div dir=\"auto\"><\/div>\n<h3 dir=\"auto\"><strong>On en parle dans la presse :<\/strong><\/h3>\n<div dir=\"auto\">\n<figure id=\"attachment_5005\" aria-describedby=\"caption-attachment-5005\" style=\"width: 164px\" class=\"wp-caption alignnone\"><a href=\"https:\/\/jeunes-ailes.asso.fr\/site\/wp-content\/uploads\/2021\/06\/article-dauphine.jpg\" rel=\"lightbox[5004]\"><img loading=\"lazy\" decoding=\"async\" class=\"wp-image-5005 size-medium\" src=\"https:\/\/jeunes-ailes.asso.fr\/site\/wp-content\/uploads\/2021\/06\/article-dauphine-164x300.jpg\" alt=\"\" width=\"164\" height=\"300\" srcset=\"https:\/\/jeunes-ailes.asso.fr\/site\/wp-content\/uploads\/2021\/06\/article-dauphine-164x300.jpg 164w, https:\/\/jeunes-ailes.asso.fr\/site\/wp-content\/uploads\/2021\/06\/article-dauphine-559x1024.jpg 559w, https:\/\/jeunes-ailes.asso.fr\/site\/wp-content\/uploads\/2021\/06\/article-dauphine.jpg 567w\" sizes=\"auto, (max-width: 164px) 100vw, 164px\" \/><\/a><figcaption id=\"caption-attachment-5005\" class=\"wp-caption-text\">Article du Dauphin\u00e9 Lib\u00e9r\u00e9<\/figcaption><\/figure>\n<p>D&#8217;autres articles \u00e0 venir dans le magazine a\u00e9ronautique &#8220;Info Pilote&#8221; et le journal local &#8220;Le Messager&#8221;.<\/p><\/div>\n[\/vc_column_text][\/vc_column][\/vc_row][vc_row][vc_column][\/vc_column][\/vc_row]\n","protected":false},"excerpt":{"rendered":"<p>[vc_row][vc_column][vc_column_text] 30 participants, 15 a\u00e9ronefs (avion, ULM, h\u00e9lico), un super m\u00e9lange de g\u00e9n\u00e9rations le tout dans une tr\u00e8s bonne ambiance. Des participants ultra motiv\u00e9s venus pour certains de loin ! (Vosges, Paris, Cuers, Gap, etc..). Mention sp\u00e9ciale \u00e0 notre jeune pilote de plaine parisienne, Alice, qui du haut de ses 25 heures de vols a d\u00e9cid\u00e9e de venir d\u00e9couvrir le vol montagne avec nous ! (TGV, puis taxi jusqu&#8217;\u00e0 l&#8217;a\u00e9rodrome de Challes-les-Eaux afin que Thibaut puisse l&#8217;emmener sur l&#8217;altisurface en Jodel). La venue de 3 journalistes de la presse a\u00e9ronautique et locale (Info Pilote, le Dauphin\u00e9, Le Messager). Enfin une note positive apr\u00e8s une p\u00e9riode un peu sombre. On retrouve le smile \u00e0 en juger sur la photo de groupe. En attendant le d\u00e9briefing complet de l&#8217;\u00e9v\u00e8nement on commence avec les magnifiques photos de notre ami Jean-Marie Urlacher sur A\u00e9robivouac ! Merci \u00e0 tous les participants, l&#8217;\u00e9quipe organisatrice, le refuge de May\u00e8res et vivement la prochaine \u00e9dition ! [\/vc_column_text][\/vc_column][\/vc_row][vc_row][vc_column][vc_media_grid style=&#8221;lazy&#8221; grid_id=&#8221;vc_gid:1639649650478-d43da67d95b3da97eab64ff83d3a82e6-10&#8243; include=&#8221;5051,5032,5014,5054,5053,5050,5048,5047,5046,5045,5043,5042,5041,5024,5039,5038,5037,5036,5035,5034,5033,5031,5030,5029,5028,5027,5026,5025,5023,5022,5044,5021,5020,5019,5018,5017,5016,5015,5013,5012,5011,5010,5009,5006&#8243;][vc_column_text]Droits d&#8217;auteur photos : Jeunes Ailes \u00a9 Jean-Marie Urlacher\u00a0\u00a0 \/\u00a0 Jeunes Ailes \u00a9 Julien JAY[\/vc_column_text][\/vc_column][\/vc_row][vc_row][vc_column][tm_spacer size=&#8221;lg:20&#8243;][vc_column_text] On en parle dans la presse : D&#8217;autres articles \u00e0 venir dans le magazine a\u00e9ronautique &#8220;Info Pilote&#8221; et le journal local &#8220;Le Messager&#8221;. [\/vc_column_text][\/vc_column][\/vc_row][vc_row][vc_column][\/vc_column][\/vc_row]<\/p>\n","protected":false},"author":1,"featured_media":5006,"comment_status":"open","ping_status":"open","sticky":false,"template":"","format":"standard","meta":{"_mi_skip_tracking":false,"footnotes":""},"categories":[209,240,206,212],"tags":[],"class_list":["post-5004","post","type-post","status-publish","format-standard","has-post-thumbnail","hentry","category-agenda","category-association","category-jeunes-ailes","category-vol-montagne"],"yoast_head":"<!-- This site is optimized with the Yoast SEO plugin v17.8 - https:\/\/yoast.com\/wordpress\/plugins\/seo\/ -->\n<title>A\u00e9robivouac une 1\u00e8re \u00e9dition r\u00e9ussie sur l&#039;altisurface de Saint Roch May\u00e8res - Jeunes Ailes<\/title>\n<meta name=\"robots\" content=\"index, follow, max-snippet:-1, max-image-preview:large, max-video-preview:-1\" \/>\n<link rel=\"canonical\" href=\"https:\/\/jeunes-ailes.asso.fr\/site\/index.php\/2021\/06\/28\/aerobivouac-une-1er-edition-reussie-sur-laltisurface-de-saint-roch-mayeres\/\" \/>\n<meta property=\"og:locale\" content=\"fr_FR\" \/>\n<meta property=\"og:type\" content=\"article\" \/>\n<meta property=\"og:title\" content=\"A\u00e9robivouac une 1\u00e8re \u00e9dition r\u00e9ussie sur l&#039;altisurface de Saint Roch May\u00e8res - Jeunes Ailes\" \/>\n<meta property=\"og:description\" content=\"[vc_row][vc_column][vc_column_text] 30 participants, 15 a\u00e9ronefs (avion, ULM, h\u00e9lico), un super m\u00e9lange de g\u00e9n\u00e9rations le tout dans une tr\u00e8s bonne ambiance. Des participants ultra motiv\u00e9s venus pour certains de loin ! (Vosges, Paris, Cuers, Gap, etc..). Mention sp\u00e9ciale \u00e0 notre jeune pilote de plaine parisienne, Alice, qui du haut de ses 25 heures de vols a d\u00e9cid\u00e9e de venir d\u00e9couvrir le vol montagne avec nous ! (TGV, puis taxi jusqu&#8217;\u00e0 l&#8217;a\u00e9rodrome de Challes-les-Eaux afin que Thibaut puisse l&#8217;emmener sur l&#8217;altisurface en Jodel). La venue de 3 journalistes de la presse a\u00e9ronautique et locale (Info Pilote, le Dauphin\u00e9, Le Messager). Enfin une note positive apr\u00e8s une p\u00e9riode un peu sombre. On retrouve le smile \u00e0 en juger sur la photo de groupe. En attendant le d\u00e9briefing complet de l&#8217;\u00e9v\u00e8nement on commence avec les magnifiques photos de notre ami Jean-Marie Urlacher sur A\u00e9robivouac ! Merci \u00e0 tous les participants, l&#8217;\u00e9quipe organisatrice, le refuge de May\u00e8res et vivement la prochaine \u00e9dition ! [\/vc_column_text][\/vc_column][\/vc_row][vc_row][vc_column][vc_media_grid style=&#8221;lazy&#8221; grid_id=&#8221;vc_gid:1639649650478-d43da67d95b3da97eab64ff83d3a82e6-10&#8243; include=&#8221;5051,5032,5014,5054,5053,5050,5048,5047,5046,5045,5043,5042,5041,5024,5039,5038,5037,5036,5035,5034,5033,5031,5030,5029,5028,5027,5026,5025,5023,5022,5044,5021,5020,5019,5018,5017,5016,5015,5013,5012,5011,5010,5009,5006&#8243;][vc_column_text]Droits d&#8217;auteur photos : Jeunes Ailes \u00a9 Jean-Marie Urlacher\u00a0\u00a0 \/\u00a0 Jeunes Ailes \u00a9 Julien JAY[\/vc_column_text][\/vc_column][\/vc_row][vc_row][vc_column][tm_spacer size=&#8221;lg:20&#8243;][vc_column_text] On en parle dans la presse : D&#8217;autres articles \u00e0 venir dans le magazine a\u00e9ronautique &#8220;Info Pilote&#8221; et le journal local &#8220;Le Messager&#8221;. [\/vc_column_text][\/vc_column][\/vc_row][vc_row][vc_column][\/vc_column][\/vc_row]\" \/>\n<meta property=\"og:url\" content=\"https:\/\/jeunes-ailes.asso.fr\/site\/index.php\/2021\/06\/28\/aerobivouac-une-1er-edition-reussie-sur-laltisurface-de-saint-roch-mayeres\/\" \/>\n<meta property=\"og:site_name\" content=\"Jeunes Ailes\" \/>\n<meta property=\"article:publisher\" content=\"https:\/\/fr-fr.facebook.com\/groups\/jeunesailes\" \/>\n<meta property=\"article:published_time\" content=\"2021-06-28T15:55:04+00:00\" \/>\n<meta property=\"article:modified_time\" content=\"2021-12-16T10:14:34+00:00\" \/>\n<meta property=\"og:image\" content=\"https:\/\/jeunes-ailes.asso.fr\/site\/wp-content\/uploads\/2021\/06\/197350159_915359099307502_6990856581660258016_n.jpg\" \/>\n\t<meta property=\"og:image:width\" content=\"2048\" \/>\n\t<meta property=\"og:image:height\" content=\"1365\" \/>\n<meta name=\"twitter:card\" content=\"summary_large_image\" \/>\n<meta name=\"twitter:label1\" content=\"\u00c9crit par\" \/>\n\t<meta name=\"twitter:data1\" content=\"Julien JAY\" \/>\n\t<meta name=\"twitter:label2\" content=\"Dur\u00e9e de lecture estim\u00e9e\" \/>\n\t<meta name=\"twitter:data2\" content=\"1 minute\" \/>\n<script type=\"application\/ld+json\" class=\"yoast-schema-graph\">{\"@context\":\"https:\/\/schema.org\",\"@graph\":[{\"@type\":\"Organization\",\"@id\":\"https:\/\/jeunes-ailes.asso.fr\/site\/#organization\",\"name\":\"Jeunes Ailes\",\"url\":\"https:\/\/jeunes-ailes.asso.fr\/site\/\",\"sameAs\":[\"https:\/\/fr-fr.facebook.com\/groups\/jeunesailes\",\"https:\/\/www.instagram.com\/jeunes_ailes_association\/\",\"https:\/\/www.linkedin.com\/company\/jeunes-ailes\",\"https:\/\/www.youtube.com\/playlist?list=PLMEx60-fXLQt8yMxQ0iUZznXvUdgvr6WR\",\"https:\/\/fr.wikipedia.org\/wiki\/JA\"],\"logo\":{\"@type\":\"ImageObject\",\"@id\":\"https:\/\/jeunes-ailes.asso.fr\/site\/#logo\",\"inLanguage\":\"fr-FR\",\"url\":\"https:\/\/jeunes-ailes.asso.fr\/site\/wp-content\/uploads\/2018\/05\/logo-jeunes-ailes.png\",\"contentUrl\":\"https:\/\/jeunes-ailes.asso.fr\/site\/wp-content\/uploads\/2018\/05\/logo-jeunes-ailes.png\",\"width\":500,\"height\":464,\"caption\":\"Jeunes Ailes\"},\"image\":{\"@id\":\"https:\/\/jeunes-ailes.asso.fr\/site\/#logo\"}},{\"@type\":\"WebSite\",\"@id\":\"https:\/\/jeunes-ailes.asso.fr\/site\/#website\",\"url\":\"https:\/\/jeunes-ailes.asso.fr\/site\/\",\"name\":\"Jeunes Ailes\",\"description\":\"le site officiel de l&#039;association Jeunes Ailes, les passionn\\u00e9s d&#039;a\\u00e9ronautique\",\"publisher\":{\"@id\":\"https:\/\/jeunes-ailes.asso.fr\/site\/#organization\"},\"potentialAction\":[{\"@type\":\"SearchAction\",\"target\":{\"@type\":\"EntryPoint\",\"urlTemplate\":\"https:\/\/jeunes-ailes.asso.fr\/site\/?s={search_term_string}\"},\"query-input\":\"required name=search_term_string\"}],\"inLanguage\":\"fr-FR\"},{\"@type\":\"ImageObject\",\"@id\":\"https:\/\/jeunes-ailes.asso.fr\/site\/index.php\/2021\/06\/28\/aerobivouac-une-1er-edition-reussie-sur-laltisurface-de-saint-roch-mayeres\/#primaryimage\",\"inLanguage\":\"fr-FR\",\"url\":\"https:\/\/jeunes-ailes.asso.fr\/site\/wp-content\/uploads\/2021\/06\/197350159_915359099307502_6990856581660258016_n.jpg\",\"contentUrl\":\"https:\/\/jeunes-ailes.asso.fr\/site\/wp-content\/uploads\/2021\/06\/197350159_915359099307502_6990856581660258016_n.jpg\",\"width\":2048,\"height\":1365},{\"@type\":\"WebPage\",\"@id\":\"https:\/\/jeunes-ailes.asso.fr\/site\/index.php\/2021\/06\/28\/aerobivouac-une-1er-edition-reussie-sur-laltisurface-de-saint-roch-mayeres\/#webpage\",\"url\":\"https:\/\/jeunes-ailes.asso.fr\/site\/index.php\/2021\/06\/28\/aerobivouac-une-1er-edition-reussie-sur-laltisurface-de-saint-roch-mayeres\/\",\"name\":\"A\\u00e9robivouac une 1\\u00e8re \\u00e9dition r\\u00e9ussie sur l'altisurface de Saint Roch May\\u00e8res - Jeunes Ailes\",\"isPartOf\":{\"@id\":\"https:\/\/jeunes-ailes.asso.fr\/site\/#website\"},\"primaryImageOfPage\":{\"@id\":\"https:\/\/jeunes-ailes.asso.fr\/site\/index.php\/2021\/06\/28\/aerobivouac-une-1er-edition-reussie-sur-laltisurface-de-saint-roch-mayeres\/#primaryimage\"},\"datePublished\":\"2021-06-28T15:55:04+00:00\",\"dateModified\":\"2021-12-16T10:14:34+00:00\",\"breadcrumb\":{\"@id\":\"https:\/\/jeunes-ailes.asso.fr\/site\/index.php\/2021\/06\/28\/aerobivouac-une-1er-edition-reussie-sur-laltisurface-de-saint-roch-mayeres\/#breadcrumb\"},\"inLanguage\":\"fr-FR\",\"potentialAction\":[{\"@type\":\"ReadAction\",\"target\":[\"https:\/\/jeunes-ailes.asso.fr\/site\/index.php\/2021\/06\/28\/aerobivouac-une-1er-edition-reussie-sur-laltisurface-de-saint-roch-mayeres\/\"]}]},{\"@type\":\"BreadcrumbList\",\"@id\":\"https:\/\/jeunes-ailes.asso.fr\/site\/index.php\/2021\/06\/28\/aerobivouac-une-1er-edition-reussie-sur-laltisurface-de-saint-roch-mayeres\/#breadcrumb\",\"itemListElement\":[{\"@type\":\"ListItem\",\"position\":1,\"name\":\"Home\",\"item\":\"https:\/\/jeunes-ailes.asso.fr\/site\/\"},{\"@type\":\"ListItem\",\"position\":2,\"name\":\"A\\u00e9robivouac une 1\\u00e8re \\u00e9dition r\\u00e9ussie sur l&#8217;altisurface de Saint Roch May\\u00e8res\"}]},{\"@type\":\"Article\",\"@id\":\"https:\/\/jeunes-ailes.asso.fr\/site\/index.php\/2021\/06\/28\/aerobivouac-une-1er-edition-reussie-sur-laltisurface-de-saint-roch-mayeres\/#article\",\"isPartOf\":{\"@id\":\"https:\/\/jeunes-ailes.asso.fr\/site\/index.php\/2021\/06\/28\/aerobivouac-une-1er-edition-reussie-sur-laltisurface-de-saint-roch-mayeres\/#webpage\"},\"author\":{\"@id\":\"https:\/\/jeunes-ailes.asso.fr\/site\/#\/schema\/person\/a3b9b4ac9f131e9bdb3409e4de6d520b\"},\"headline\":\"A\\u00e9robivouac une 1\\u00e8re \\u00e9dition r\\u00e9ussie sur l&#8217;altisurface de Saint Roch May\\u00e8res\",\"datePublished\":\"2021-06-28T15:55:04+00:00\",\"dateModified\":\"2021-12-16T10:14:34+00:00\",\"mainEntityOfPage\":{\"@id\":\"https:\/\/jeunes-ailes.asso.fr\/site\/index.php\/2021\/06\/28\/aerobivouac-une-1er-edition-reussie-sur-laltisurface-de-saint-roch-mayeres\/#webpage\"},\"wordCount\":301,\"commentCount\":0,\"publisher\":{\"@id\":\"https:\/\/jeunes-ailes.asso.fr\/site\/#organization\"},\"image\":{\"@id\":\"https:\/\/jeunes-ailes.asso.fr\/site\/index.php\/2021\/06\/28\/aerobivouac-une-1er-edition-reussie-sur-laltisurface-de-saint-roch-mayeres\/#primaryimage\"},\"thumbnailUrl\":\"https:\/\/jeunes-ailes.asso.fr\/site\/wp-content\/uploads\/2021\/06\/197350159_915359099307502_6990856581660258016_n.jpg\",\"articleSection\":[\"Agenda\",\"Association\",\"Jeunes Ailes\",\"Vol Montagne\"],\"inLanguage\":\"fr-FR\",\"potentialAction\":[{\"@type\":\"CommentAction\",\"name\":\"Comment\",\"target\":[\"https:\/\/jeunes-ailes.asso.fr\/site\/index.php\/2021\/06\/28\/aerobivouac-une-1er-edition-reussie-sur-laltisurface-de-saint-roch-mayeres\/#respond\"]}]},{\"@type\":\"Person\",\"@id\":\"https:\/\/jeunes-ailes.asso.fr\/site\/#\/schema\/person\/a3b9b4ac9f131e9bdb3409e4de6d520b\",\"name\":\"Julien JAY\",\"image\":{\"@type\":\"ImageObject\",\"@id\":\"https:\/\/jeunes-ailes.asso.fr\/site\/#personlogo\",\"inLanguage\":\"fr-FR\",\"url\":\"https:\/\/secure.gravatar.com\/avatar\/2a69cf2ffcd3821797dedeb14bb1ddf52bb490ed8bf14e8f2b7eaff488db632e?s=96&d=mm&r=g\",\"contentUrl\":\"https:\/\/secure.gravatar.com\/avatar\/2a69cf2ffcd3821797dedeb14bb1ddf52bb490ed8bf14e8f2b7eaff488db632e?s=96&d=mm&r=g\",\"caption\":\"Julien JAY\"},\"description\":\"Pr\\u00e9sident fondateur de l'association Jeunes Aileswww.jeunes-ailes.asso.fr. Passionn\\u00e9 d'aviation et de montagne. www.volmontagne.com\",\"sameAs\":[\"http:\/\/www.volmontagne.com\",\"https:\/\/www.instagram.com\/julienjay38\/\",\"https:\/\/www.linkedin.com\/in\/jayjulien\/\",\"https:\/\/vimeo.com\/airfilmsfr\",\"https:\/\/soundcloud.com\/julienjay38\/sets\/top\"],\"url\":\"https:\/\/jeunes-ailes.asso.fr\/site\/index.php\/author\/julien\/\"}]}<\/script>\n<!-- \/ Yoast SEO plugin. -->","yoast_head_json":{"title":"A\u00e9robivouac une 1\u00e8re \u00e9dition r\u00e9ussie sur l'altisurface de Saint Roch May\u00e8res - Jeunes Ailes","robots":{"index":"index","follow":"follow","max-snippet":"max-snippet:-1","max-image-preview":"max-image-preview:large","max-video-preview":"max-video-preview:-1"},"canonical":"https:\/\/jeunes-ailes.asso.fr\/site\/index.php\/2021\/06\/28\/aerobivouac-une-1er-edition-reussie-sur-laltisurface-de-saint-roch-mayeres\/","og_locale":"fr_FR","og_type":"article","og_title":"A\u00e9robivouac une 1\u00e8re \u00e9dition r\u00e9ussie sur l'altisurface de Saint Roch May\u00e8res - Jeunes Ailes","og_description":"[vc_row][vc_column][vc_column_text] 30 participants, 15 a\u00e9ronefs (avion, ULM, h\u00e9lico), un super m\u00e9lange de g\u00e9n\u00e9rations le tout dans une tr\u00e8s bonne ambiance. Des participants ultra motiv\u00e9s venus pour certains de loin ! (Vosges, Paris, Cuers, Gap, etc..). Mention sp\u00e9ciale \u00e0 notre jeune pilote de plaine parisienne, Alice, qui du haut de ses 25 heures de vols a d\u00e9cid\u00e9e de venir d\u00e9couvrir le vol montagne avec nous ! (TGV, puis taxi jusqu&#8217;\u00e0 l&#8217;a\u00e9rodrome de Challes-les-Eaux afin que Thibaut puisse l&#8217;emmener sur l&#8217;altisurface en Jodel). La venue de 3 journalistes de la presse a\u00e9ronautique et locale (Info Pilote, le Dauphin\u00e9, Le Messager). Enfin une note positive apr\u00e8s une p\u00e9riode un peu sombre. On retrouve le smile \u00e0 en juger sur la photo de groupe. En attendant le d\u00e9briefing complet de l&#8217;\u00e9v\u00e8nement on commence avec les magnifiques photos de notre ami Jean-Marie Urlacher sur A\u00e9robivouac ! Merci \u00e0 tous les participants, l&#8217;\u00e9quipe organisatrice, le refuge de May\u00e8res et vivement la prochaine \u00e9dition ! [\/vc_column_text][\/vc_column][\/vc_row][vc_row][vc_column][vc_media_grid style=&#8221;lazy&#8221; grid_id=&#8221;vc_gid:1639649650478-d43da67d95b3da97eab64ff83d3a82e6-10&#8243; include=&#8221;5051,5032,5014,5054,5053,5050,5048,5047,5046,5045,5043,5042,5041,5024,5039,5038,5037,5036,5035,5034,5033,5031,5030,5029,5028,5027,5026,5025,5023,5022,5044,5021,5020,5019,5018,5017,5016,5015,5013,5012,5011,5010,5009,5006&#8243;][vc_column_text]Droits d&#8217;auteur photos : Jeunes Ailes \u00a9 Jean-Marie Urlacher\u00a0\u00a0 \/\u00a0 Jeunes Ailes \u00a9 Julien JAY[\/vc_column_text][\/vc_column][\/vc_row][vc_row][vc_column][tm_spacer size=&#8221;lg:20&#8243;][vc_column_text] On en parle dans la presse : D&#8217;autres articles \u00e0 venir dans le magazine a\u00e9ronautique &#8220;Info Pilote&#8221; et le journal local &#8220;Le Messager&#8221;. [\/vc_column_text][\/vc_column][\/vc_row][vc_row][vc_column][\/vc_column][\/vc_row]","og_url":"https:\/\/jeunes-ailes.asso.fr\/site\/index.php\/2021\/06\/28\/aerobivouac-une-1er-edition-reussie-sur-laltisurface-de-saint-roch-mayeres\/","og_site_name":"Jeunes Ailes","article_publisher":"https:\/\/fr-fr.facebook.com\/groups\/jeunesailes","article_published_time":"2021-06-28T15:55:04+00:00","article_modified_time":"2021-12-16T10:14:34+00:00","og_image":[{"width":2048,"height":1365,"url":"https:\/\/jeunes-ailes.asso.fr\/site\/wp-content\/uploads\/2021\/06\/197350159_915359099307502_6990856581660258016_n.jpg","type":"image\/jpeg"}],"twitter_card":"summary_large_image","twitter_misc":{"\u00c9crit par":"Julien JAY","Dur\u00e9e de lecture estim\u00e9e":"1 minute"},"schema":{"@context":"https:\/\/schema.org","@graph":[{"@type":"Organization","@id":"https:\/\/jeunes-ailes.asso.fr\/site\/#organization","name":"Jeunes Ailes","url":"https:\/\/jeunes-ailes.asso.fr\/site\/","sameAs":["https:\/\/fr-fr.facebook.com\/groups\/jeunesailes","https:\/\/www.instagram.com\/jeunes_ailes_association\/","https:\/\/www.linkedin.com\/company\/jeunes-ailes","https:\/\/www.youtube.com\/playlist?list=PLMEx60-fXLQt8yMxQ0iUZznXvUdgvr6WR","https:\/\/fr.wikipedia.org\/wiki\/JA"],"logo":{"@type":"ImageObject","@id":"https:\/\/jeunes-ailes.asso.fr\/site\/#logo","inLanguage":"fr-FR","url":"https:\/\/jeunes-ailes.asso.fr\/site\/wp-content\/uploads\/2018\/05\/logo-jeunes-ailes.png","contentUrl":"https:\/\/jeunes-ailes.asso.fr\/site\/wp-content\/uploads\/2018\/05\/logo-jeunes-ailes.png","width":500,"height":464,"caption":"Jeunes Ailes"},"image":{"@id":"https:\/\/jeunes-ailes.asso.fr\/site\/#logo"}},{"@type":"WebSite","@id":"https:\/\/jeunes-ailes.asso.fr\/site\/#website","url":"https:\/\/jeunes-ailes.asso.fr\/site\/","name":"Jeunes Ailes","description":"le site officiel de l&#039;association Jeunes Ailes, les passionn\u00e9s d&#039;a\u00e9ronautique","publisher":{"@id":"https:\/\/jeunes-ailes.asso.fr\/site\/#organization"},"potentialAction":[{"@type":"SearchAction","target":{"@type":"EntryPoint","urlTemplate":"https:\/\/jeunes-ailes.asso.fr\/site\/?s={search_term_string}"},"query-input":"required name=search_term_string"}],"inLanguage":"fr-FR"},{"@type":"ImageObject","@id":"https:\/\/jeunes-ailes.asso.fr\/site\/index.php\/2021\/06\/28\/aerobivouac-une-1er-edition-reussie-sur-laltisurface-de-saint-roch-mayeres\/#primaryimage","inLanguage":"fr-FR","url":"https:\/\/jeunes-ailes.asso.fr\/site\/wp-content\/uploads\/2021\/06\/197350159_915359099307502_6990856581660258016_n.jpg","contentUrl":"https:\/\/jeunes-ailes.asso.fr\/site\/wp-content\/uploads\/2021\/06\/197350159_915359099307502_6990856581660258016_n.jpg","width":2048,"height":1365},{"@type":"WebPage","@id":"https:\/\/jeunes-ailes.asso.fr\/site\/index.php\/2021\/06\/28\/aerobivouac-une-1er-edition-reussie-sur-laltisurface-de-saint-roch-mayeres\/#webpage","url":"https:\/\/jeunes-ailes.asso.fr\/site\/index.php\/2021\/06\/28\/aerobivouac-une-1er-edition-reussie-sur-laltisurface-de-saint-roch-mayeres\/","name":"A\u00e9robivouac une 1\u00e8re \u00e9dition r\u00e9ussie sur l'altisurface de Saint Roch May\u00e8res - Jeunes Ailes","isPartOf":{"@id":"https:\/\/jeunes-ailes.asso.fr\/site\/#website"},"primaryImageOfPage":{"@id":"https:\/\/jeunes-ailes.asso.fr\/site\/index.php\/2021\/06\/28\/aerobivouac-une-1er-edition-reussie-sur-laltisurface-de-saint-roch-mayeres\/#primaryimage"},"datePublished":"2021-06-28T15:55:04+00:00","dateModified":"2021-12-16T10:14:34+00:00","breadcrumb":{"@id":"https:\/\/jeunes-ailes.asso.fr\/site\/index.php\/2021\/06\/28\/aerobivouac-une-1er-edition-reussie-sur-laltisurface-de-saint-roch-mayeres\/#breadcrumb"},"inLanguage":"fr-FR","potentialAction":[{"@type":"ReadAction","target":["https:\/\/jeunes-ailes.asso.fr\/site\/index.php\/2021\/06\/28\/aerobivouac-une-1er-edition-reussie-sur-laltisurface-de-saint-roch-mayeres\/"]}]},{"@type":"BreadcrumbList","@id":"https:\/\/jeunes-ailes.asso.fr\/site\/index.php\/2021\/06\/28\/aerobivouac-une-1er-edition-reussie-sur-laltisurface-de-saint-roch-mayeres\/#breadcrumb","itemListElement":[{"@type":"ListItem","position":1,"name":"Home","item":"https:\/\/jeunes-ailes.asso.fr\/site\/"},{"@type":"ListItem","position":2,"name":"A\u00e9robivouac une 1\u00e8re \u00e9dition r\u00e9ussie sur l&#8217;altisurface de Saint Roch May\u00e8res"}]},{"@type":"Article","@id":"https:\/\/jeunes-ailes.asso.fr\/site\/index.php\/2021\/06\/28\/aerobivouac-une-1er-edition-reussie-sur-laltisurface-de-saint-roch-mayeres\/#article","isPartOf":{"@id":"https:\/\/jeunes-ailes.asso.fr\/site\/index.php\/2021\/06\/28\/aerobivouac-une-1er-edition-reussie-sur-laltisurface-de-saint-roch-mayeres\/#webpage"},"author":{"@id":"https:\/\/jeunes-ailes.asso.fr\/site\/#\/schema\/person\/a3b9b4ac9f131e9bdb3409e4de6d520b"},"headline":"A\u00e9robivouac une 1\u00e8re \u00e9dition r\u00e9ussie sur l&#8217;altisurface de Saint Roch May\u00e8res","datePublished":"2021-06-28T15:55:04+00:00","dateModified":"2021-12-16T10:14:34+00:00","mainEntityOfPage":{"@id":"https:\/\/jeunes-ailes.asso.fr\/site\/index.php\/2021\/06\/28\/aerobivouac-une-1er-edition-reussie-sur-laltisurface-de-saint-roch-mayeres\/#webpage"},"wordCount":301,"commentCount":0,"publisher":{"@id":"https:\/\/jeunes-ailes.asso.fr\/site\/#organization"},"image":{"@id":"https:\/\/jeunes-ailes.asso.fr\/site\/index.php\/2021\/06\/28\/aerobivouac-une-1er-edition-reussie-sur-laltisurface-de-saint-roch-mayeres\/#primaryimage"},"thumbnailUrl":"https:\/\/jeunes-ailes.asso.fr\/site\/wp-content\/uploads\/2021\/06\/197350159_915359099307502_6990856581660258016_n.jpg","articleSection":["Agenda","Association","Jeunes Ailes","Vol Montagne"],"inLanguage":"fr-FR","potentialAction":[{"@type":"CommentAction","name":"Comment","target":["https:\/\/jeunes-ailes.asso.fr\/site\/index.php\/2021\/06\/28\/aerobivouac-une-1er-edition-reussie-sur-laltisurface-de-saint-roch-mayeres\/#respond"]}]},{"@type":"Person","@id":"https:\/\/jeunes-ailes.asso.fr\/site\/#\/schema\/person\/a3b9b4ac9f131e9bdb3409e4de6d520b","name":"Julien JAY","image":{"@type":"ImageObject","@id":"https:\/\/jeunes-ailes.asso.fr\/site\/#personlogo","inLanguage":"fr-FR","url":"https:\/\/secure.gravatar.com\/avatar\/2a69cf2ffcd3821797dedeb14bb1ddf52bb490ed8bf14e8f2b7eaff488db632e?s=96&d=mm&r=g","contentUrl":"https:\/\/secure.gravatar.com\/avatar\/2a69cf2ffcd3821797dedeb14bb1ddf52bb490ed8bf14e8f2b7eaff488db632e?s=96&d=mm&r=g","caption":"Julien JAY"},"description":"Pr\u00e9sident fondateur de l'association Jeunes Aileswww.jeunes-ailes.asso.fr. Passionn\u00e9 d'aviation et de montagne. www.volmontagne.com","sameAs":["http:\/\/www.volmontagne.com","https:\/\/www.instagram.com\/julienjay38\/","https:\/\/www.linkedin.com\/in\/jayjulien\/","https:\/\/vimeo.com\/airfilmsfr","https:\/\/soundcloud.com\/julienjay38\/sets\/top"],"url":"https:\/\/jeunes-ailes.asso.fr\/site\/index.php\/author\/julien\/"}]}},"_links":{"self":[{"href":"https:\/\/jeunes-ailes.asso.fr\/site\/index.php\/wp-json\/wp\/v2\/posts\/5004","targetHints":{"allow":["GET"]}}],"collection":[{"href":"https:\/\/jeunes-ailes.asso.fr\/site\/index.php\/wp-json\/wp\/v2\/posts"}],"about":[{"href":"https:\/\/jeunes-ailes.asso.fr\/site\/index.php\/wp-json\/wp\/v2\/types\/post"}],"author":[{"embeddable":true,"href":"https:\/\/jeunes-ailes.asso.fr\/site\/index.php\/wp-json\/wp\/v2\/users\/1"}],"replies":[{"embeddable":true,"href":"https:\/\/jeunes-ailes.asso.fr\/site\/index.php\/wp-json\/wp\/v2\/comments?post=5004"}],"version-history":[{"count":9,"href":"https:\/\/jeunes-ailes.asso.fr\/site\/index.php\/wp-json\/wp\/v2\/posts\/5004\/revisions"}],"predecessor-version":[{"id":5208,"href":"https:\/\/jeunes-ailes.asso.fr\/site\/index.php\/wp-json\/wp\/v2\/posts\/5004\/revisions\/5208"}],"wp:featuredmedia":[{"embeddable":true,"href":"https:\/\/jeunes-ailes.asso.fr\/site\/index.php\/wp-json\/wp\/v2\/media\/5006"}],"wp:attachment":[{"href":"https:\/\/jeunes-ailes.asso.fr\/site\/index.php\/wp-json\/wp\/v2\/media?parent=5004"}],"wp:term":[{"taxonomy":"category","embeddable":true,"href":"https:\/\/jeunes-ailes.asso.fr\/site\/index.php\/wp-json\/wp\/v2\/categories?post=5004"},{"taxonomy":"post_tag","embeddable":true,"href":"https:\/\/jeunes-ailes.asso.fr\/site\/index.php\/wp-json\/wp\/v2\/tags?post=5004"}],"curies":[{"name":"wp","href":"https:\/\/api.w.org\/{rel}","templated":true}]}}