{"id":4511,"date":"2021-03-07T21:31:11","date_gmt":"2021-03-07T20:31:11","guid":{"rendered":"https:\/\/jeunes-ailes.asso.fr\/site\/?p=4511"},"modified":"2021-04-02T07:11:31","modified_gmt":"2021-04-02T05:11:31","slug":"vol-de-printemps-sud-2021-gap-lfna","status":"publish","type":"post","link":"https:\/\/jeunes-ailes.asso.fr\/site\/index.php\/2021\/03\/07\/vol-de-printemps-sud-2021-gap-lfna\/","title":{"rendered":"Vol de Printemps Sud 2021 &#8211; Gap LFNA (ANNUL\u00c9)"},"content":{"rendered":"\r\n<p>Nous avions d\u00e9j\u00e0 apport\u00e9 des restrictions sur le nombre de participants. Les 15 premi\u00e8res place ont \u00e9t\u00e9 r\u00e9serv\u00e9es en \u00e0 peine 2 ou 3 heures. Malheureusement cet \u00e9v\u00e9nement et lui aussi victime du virus. Les conditions sanitaires ainsi que les consignes gouvernementales nous obligent \u00e0 reporter notre Vol de Printemps en 2022.<\/p>\r\n\r\n\r\n\r\n<figure class=\"wp-block-image size-large\"><img loading=\"lazy\" decoding=\"async\" width=\"509\" height=\"720\" class=\"wp-image-4636\" src=\"https:\/\/jeunes-ailes.asso.fr\/site\/wp-content\/uploads\/2021\/03\/167634314_10157919311902050_4145428422543308122_n.jpg\" alt=\"\" srcset=\"https:\/\/jeunes-ailes.asso.fr\/site\/wp-content\/uploads\/2021\/03\/167634314_10157919311902050_4145428422543308122_n.jpg 509w, https:\/\/jeunes-ailes.asso.fr\/site\/wp-content\/uploads\/2021\/03\/167634314_10157919311902050_4145428422543308122_n-212x300.jpg 212w\" sizes=\"auto, (max-width: 509px) 100vw, 509px\" \/><\/figure>\r\n\r\n\r\n\r\n<p>&nbsp;<\/p>\r\n\r\n\r\n\r\n<p>Cette ann\u00e9e, notre Vol de Printemps Sud \u00e9tait l&#8217;occasion de nous retrouver sur ce bel a\u00e9rodrome implant\u00e9 dans les Hautes-Alpes.Nous aurions partag\u00e9 un casse-cro\u00fbte le midi avant d&#8217;aller d\u00e9couvrir les activit\u00e9s a\u00e9ronautiques locales, avec notamment les m\u00e9tiers qui gravitent autour de l&#8217;h\u00e9lico.En effet nous avons l&#8217;honneur d&#8217;\u00eatre invit\u00e9s au si\u00e8ge social de &#8220;H\u00e9licopt\u00e8res de France&#8221; pour une pr\u00e9sentation de la compagnie et de ses ateliers PART-145. <a href=\"https:\/\/l.facebook.com\/l.php?u=http%3A%2F%2Fwww.hdf.fr%2F%3Ffbclid%3DIwAR0jkTTY536CsIjGfIWnrKdcmeOf1mUrQOtic25NqyFsYWQYVyA3n7CY-eU&amp;h=AT1sRLfXml4IABWZOtwDks6zLGQfTeaQocMMcgHIIssoRtjsckij3nmrWnWlVufjkHSLsd7uRmqatnNTDcOgKFhDtX9xYPSaUG_JIPJgh6KRXjre6BdIAnjzW3cpeveL8w&amp;__tn__=-UK-R&amp;c[0]=AT0zk_hxCa3TzM_vL5V1k2LjBeQPWArfureSUjmMct-hKzOLCJVrgtr_dNFqY4txjC8U1IUQ-rdRTN6XEWfMvX1U3xBXxZfD1r-l1VUMdx2O2pg1VIACAAAKAXu2n5ZToUgUURoNTc__Ssws744NyNx5rUpu6PUqaSOctISr_gfPC_5KkS006VnoJmX2Hk30J9hWCEXVBDYuWo4cdg\" target=\"_blank\" rel=\"noreferrer noopener\">www.hdf.fr<\/a>. Ce n&#8217;est que partie remise et HdF nous ouvre d\u00e9j\u00e0 ses portes pour l&#8217;ann\u00e9e prochaine !<\/p>\r\n\r\n\r\n\r\n<p>&nbsp;<\/p>\r\n\r\n\r\n\r\n<p>Rendez-vous en 2022 pour un printemps plus ensoleill\u00e9 pour l&#8217;aviation !<\/p>\r\n\r\n\r\n\r\n<p>&nbsp;<\/p>\r\n","protected":false},"excerpt":{"rendered":"<p>Nous avions d\u00e9j\u00e0 apport\u00e9 des restrictions sur le nombre de participants. Les 15 premi\u00e8res place ont \u00e9t\u00e9 r\u00e9serv\u00e9es en \u00e0 peine 2 ou 3 heures. Malheureusement cet \u00e9v\u00e9nement et lui aussi victime du virus. Les conditions sanitaires ainsi que les consignes gouvernementales nous obligent \u00e0 reporter notre Vol de Printemps en 2022. &nbsp; Cette ann\u00e9e, notre Vol de Printemps Sud \u00e9tait l&#8217;occasion de nous retrouver sur ce bel a\u00e9rodrome implant\u00e9 dans les Hautes-Alpes.Nous aurions partag\u00e9 un casse-cro\u00fbte le midi avant d&#8217;aller d\u00e9couvrir les activit\u00e9s a\u00e9ronautiques locales, avec notamment les m\u00e9tiers qui gravitent autour de l&#8217;h\u00e9lico.En effet nous avons l&#8217;honneur d&#8217;\u00eatre invit\u00e9s au si\u00e8ge social de &#8220;H\u00e9licopt\u00e8res de France&#8221; pour une pr\u00e9sentation de la compagnie et de ses ateliers PART-145. www.hdf.fr. Ce n&#8217;est que partie remise et HdF nous ouvre d\u00e9j\u00e0 ses portes pour l&#8217;ann\u00e9e prochaine ! &nbsp; Rendez-vous en 2022 pour un printemps plus ensoleill\u00e9 pour l&#8217;aviation ! &nbsp;<\/p>\n","protected":false},"author":3,"featured_media":4636,"comment_status":"open","ping_status":"open","sticky":false,"template":"","format":"standard","meta":{"_mi_skip_tracking":false,"footnotes":""},"categories":[209,206],"tags":[246,243,247,248,242,244,245,241],"class_list":["post-4511","post","type-post","status-publish","format-standard","has-post-thumbnail","hentry","category-agenda","category-jeunes-ailes","tag-evenement","tag-gap","tag-gratuit","tag-helicoptere","tag-jeunesailes","tag-lfna","tag-vdps21","tag-vol-de-printemps"],"yoast_head":"<!-- This site is optimized with the Yoast SEO plugin v17.8 - https:\/\/yoast.com\/wordpress\/plugins\/seo\/ -->\n<title>Vol de Printemps Sud 2021 - Gap LFNA (ANNUL\u00c9) - Jeunes Ailes<\/title>\n<meta name=\"robots\" content=\"index, follow, max-snippet:-1, max-image-preview:large, max-video-preview:-1\" \/>\n<link rel=\"canonical\" href=\"https:\/\/jeunes-ailes.asso.fr\/site\/index.php\/2021\/03\/07\/vol-de-printemps-sud-2021-gap-lfna\/\" \/>\n<meta property=\"og:locale\" content=\"fr_FR\" \/>\n<meta property=\"og:type\" content=\"article\" \/>\n<meta property=\"og:title\" content=\"Vol de Printemps Sud 2021 - Gap LFNA (ANNUL\u00c9) - Jeunes Ailes\" \/>\n<meta property=\"og:description\" content=\"Nous avions d\u00e9j\u00e0 apport\u00e9 des restrictions sur le nombre de participants. Les 15 premi\u00e8res place ont \u00e9t\u00e9 r\u00e9serv\u00e9es en \u00e0 peine 2 ou 3 heures. Malheureusement cet \u00e9v\u00e9nement et lui aussi victime du virus. Les conditions sanitaires ainsi que les consignes gouvernementales nous obligent \u00e0 reporter notre Vol de Printemps en 2022. &nbsp; Cette ann\u00e9e, notre Vol de Printemps Sud \u00e9tait l&#8217;occasion de nous retrouver sur ce bel a\u00e9rodrome implant\u00e9 dans les Hautes-Alpes.Nous aurions partag\u00e9 un casse-cro\u00fbte le midi avant d&#8217;aller d\u00e9couvrir les activit\u00e9s a\u00e9ronautiques locales, avec notamment les m\u00e9tiers qui gravitent autour de l&#8217;h\u00e9lico.En effet nous avons l&#8217;honneur d&#8217;\u00eatre invit\u00e9s au si\u00e8ge social de &#8220;H\u00e9licopt\u00e8res de France&#8221; pour une pr\u00e9sentation de la compagnie et de ses ateliers PART-145. www.hdf.fr. Ce n&#8217;est que partie remise et HdF nous ouvre d\u00e9j\u00e0 ses portes pour l&#8217;ann\u00e9e prochaine ! &nbsp; Rendez-vous en 2022 pour un printemps plus ensoleill\u00e9 pour l&#8217;aviation ! &nbsp;\" \/>\n<meta property=\"og:url\" content=\"https:\/\/jeunes-ailes.asso.fr\/site\/index.php\/2021\/03\/07\/vol-de-printemps-sud-2021-gap-lfna\/\" \/>\n<meta property=\"og:site_name\" content=\"Jeunes Ailes\" \/>\n<meta property=\"article:publisher\" content=\"https:\/\/fr-fr.facebook.com\/groups\/jeunesailes\" \/>\n<meta property=\"article:published_time\" content=\"2021-03-07T20:31:11+00:00\" \/>\n<meta property=\"article:modified_time\" content=\"2021-04-02T05:11:31+00:00\" \/>\n<meta property=\"og:image\" content=\"https:\/\/jeunes-ailes.asso.fr\/site\/wp-content\/uploads\/2021\/03\/167634314_10157919311902050_4145428422543308122_n.jpg\" \/>\n\t<meta property=\"og:image:width\" content=\"509\" \/>\n\t<meta property=\"og:image:height\" content=\"720\" \/>\n<meta name=\"twitter:card\" content=\"summary_large_image\" \/>\n<meta name=\"twitter:label1\" content=\"\u00c9crit par\" \/>\n\t<meta name=\"twitter:data1\" content=\"J\u00e9r\u00f4me CHAMOUX\" \/>\n\t<meta name=\"twitter:label2\" content=\"Dur\u00e9e de lecture estim\u00e9e\" \/>\n\t<meta name=\"twitter:data2\" content=\"1 minute\" \/>\n<script type=\"application\/ld+json\" class=\"yoast-schema-graph\">{\"@context\":\"https:\/\/schema.org\",\"@graph\":[{\"@type\":\"Organization\",\"@id\":\"https:\/\/jeunes-ailes.asso.fr\/site\/#organization\",\"name\":\"Jeunes Ailes\",\"url\":\"https:\/\/jeunes-ailes.asso.fr\/site\/\",\"sameAs\":[\"https:\/\/fr-fr.facebook.com\/groups\/jeunesailes\",\"https:\/\/www.instagram.com\/jeunes_ailes_association\/\",\"https:\/\/www.linkedin.com\/company\/jeunes-ailes\",\"https:\/\/www.youtube.com\/playlist?list=PLMEx60-fXLQt8yMxQ0iUZznXvUdgvr6WR\",\"https:\/\/fr.wikipedia.org\/wiki\/JA\"],\"logo\":{\"@type\":\"ImageObject\",\"@id\":\"https:\/\/jeunes-ailes.asso.fr\/site\/#logo\",\"inLanguage\":\"fr-FR\",\"url\":\"https:\/\/jeunes-ailes.asso.fr\/site\/wp-content\/uploads\/2018\/05\/logo-jeunes-ailes.png\",\"contentUrl\":\"https:\/\/jeunes-ailes.asso.fr\/site\/wp-content\/uploads\/2018\/05\/logo-jeunes-ailes.png\",\"width\":500,\"height\":464,\"caption\":\"Jeunes Ailes\"},\"image\":{\"@id\":\"https:\/\/jeunes-ailes.asso.fr\/site\/#logo\"}},{\"@type\":\"WebSite\",\"@id\":\"https:\/\/jeunes-ailes.asso.fr\/site\/#website\",\"url\":\"https:\/\/jeunes-ailes.asso.fr\/site\/\",\"name\":\"Jeunes Ailes\",\"description\":\"le site officiel de l&#039;association Jeunes Ailes, les passionn\\u00e9s d&#039;a\\u00e9ronautique\",\"publisher\":{\"@id\":\"https:\/\/jeunes-ailes.asso.fr\/site\/#organization\"},\"potentialAction\":[{\"@type\":\"SearchAction\",\"target\":{\"@type\":\"EntryPoint\",\"urlTemplate\":\"https:\/\/jeunes-ailes.asso.fr\/site\/?s={search_term_string}\"},\"query-input\":\"required name=search_term_string\"}],\"inLanguage\":\"fr-FR\"},{\"@type\":\"ImageObject\",\"@id\":\"https:\/\/jeunes-ailes.asso.fr\/site\/index.php\/2021\/03\/07\/vol-de-printemps-sud-2021-gap-lfna\/#primaryimage\",\"inLanguage\":\"fr-FR\",\"url\":\"https:\/\/jeunes-ailes.asso.fr\/site\/wp-content\/uploads\/2021\/03\/167634314_10157919311902050_4145428422543308122_n.jpg\",\"contentUrl\":\"https:\/\/jeunes-ailes.asso.fr\/site\/wp-content\/uploads\/2021\/03\/167634314_10157919311902050_4145428422543308122_n.jpg\",\"width\":509,\"height\":720},{\"@type\":\"WebPage\",\"@id\":\"https:\/\/jeunes-ailes.asso.fr\/site\/index.php\/2021\/03\/07\/vol-de-printemps-sud-2021-gap-lfna\/#webpage\",\"url\":\"https:\/\/jeunes-ailes.asso.fr\/site\/index.php\/2021\/03\/07\/vol-de-printemps-sud-2021-gap-lfna\/\",\"name\":\"Vol de Printemps Sud 2021 - Gap LFNA (ANNUL\\u00c9) - Jeunes Ailes\",\"isPartOf\":{\"@id\":\"https:\/\/jeunes-ailes.asso.fr\/site\/#website\"},\"primaryImageOfPage\":{\"@id\":\"https:\/\/jeunes-ailes.asso.fr\/site\/index.php\/2021\/03\/07\/vol-de-printemps-sud-2021-gap-lfna\/#primaryimage\"},\"datePublished\":\"2021-03-07T20:31:11+00:00\",\"dateModified\":\"2021-04-02T05:11:31+00:00\",\"breadcrumb\":{\"@id\":\"https:\/\/jeunes-ailes.asso.fr\/site\/index.php\/2021\/03\/07\/vol-de-printemps-sud-2021-gap-lfna\/#breadcrumb\"},\"inLanguage\":\"fr-FR\",\"potentialAction\":[{\"@type\":\"ReadAction\",\"target\":[\"https:\/\/jeunes-ailes.asso.fr\/site\/index.php\/2021\/03\/07\/vol-de-printemps-sud-2021-gap-lfna\/\"]}]},{\"@type\":\"BreadcrumbList\",\"@id\":\"https:\/\/jeunes-ailes.asso.fr\/site\/index.php\/2021\/03\/07\/vol-de-printemps-sud-2021-gap-lfna\/#breadcrumb\",\"itemListElement\":[{\"@type\":\"ListItem\",\"position\":1,\"name\":\"Home\",\"item\":\"https:\/\/jeunes-ailes.asso.fr\/site\/\"},{\"@type\":\"ListItem\",\"position\":2,\"name\":\"Vol de Printemps Sud 2021 &#8211; Gap LFNA (ANNUL\\u00c9)\"}]},{\"@type\":\"Article\",\"@id\":\"https:\/\/jeunes-ailes.asso.fr\/site\/index.php\/2021\/03\/07\/vol-de-printemps-sud-2021-gap-lfna\/#article\",\"isPartOf\":{\"@id\":\"https:\/\/jeunes-ailes.asso.fr\/site\/index.php\/2021\/03\/07\/vol-de-printemps-sud-2021-gap-lfna\/#webpage\"},\"author\":{\"@id\":\"https:\/\/jeunes-ailes.asso.fr\/site\/#\/schema\/person\/8a730acfe0392d479d9c7f23f4153a79\"},\"headline\":\"Vol de Printemps Sud 2021 &#8211; Gap LFNA (ANNUL\\u00c9)\",\"datePublished\":\"2021-03-07T20:31:11+00:00\",\"dateModified\":\"2021-04-02T05:11:31+00:00\",\"mainEntityOfPage\":{\"@id\":\"https:\/\/jeunes-ailes.asso.fr\/site\/index.php\/2021\/03\/07\/vol-de-printemps-sud-2021-gap-lfna\/#webpage\"},\"wordCount\":173,\"commentCount\":0,\"publisher\":{\"@id\":\"https:\/\/jeunes-ailes.asso.fr\/site\/#organization\"},\"image\":{\"@id\":\"https:\/\/jeunes-ailes.asso.fr\/site\/index.php\/2021\/03\/07\/vol-de-printemps-sud-2021-gap-lfna\/#primaryimage\"},\"thumbnailUrl\":\"https:\/\/jeunes-ailes.asso.fr\/site\/wp-content\/uploads\/2021\/03\/167634314_10157919311902050_4145428422543308122_n.jpg\",\"keywords\":[\"\\u00e9v\\u00e9nement\",\"gap\",\"gratuit\",\"h\\u00e9licopt\\u00e8re\",\"jeunesailes\",\"lfna\",\"VDPS21\",\"vol de printemps\"],\"articleSection\":[\"Agenda\",\"Jeunes Ailes\"],\"inLanguage\":\"fr-FR\",\"potentialAction\":[{\"@type\":\"CommentAction\",\"name\":\"Comment\",\"target\":[\"https:\/\/jeunes-ailes.asso.fr\/site\/index.php\/2021\/03\/07\/vol-de-printemps-sud-2021-gap-lfna\/#respond\"]}]},{\"@type\":\"Person\",\"@id\":\"https:\/\/jeunes-ailes.asso.fr\/site\/#\/schema\/person\/8a730acfe0392d479d9c7f23f4153a79\",\"name\":\"J\\u00e9r\\u00f4me CHAMOUX\",\"image\":{\"@type\":\"ImageObject\",\"@id\":\"https:\/\/jeunes-ailes.asso.fr\/site\/#personlogo\",\"inLanguage\":\"fr-FR\",\"url\":\"https:\/\/jeunes-ailes.asso.fr\/site\/wp-content\/uploads\/2021\/03\/Jerome_Chamoux-96x96.jpg\",\"contentUrl\":\"https:\/\/jeunes-ailes.asso.fr\/site\/wp-content\/uploads\/2021\/03\/Jerome_Chamoux-96x96.jpg\",\"caption\":\"J\\u00e9r\\u00f4me CHAMOUX\"},\"url\":\"https:\/\/jeunes-ailes.asso.fr\/site\/index.php\/author\/moux\/\"}]}<\/script>\n<!-- \/ Yoast SEO plugin. -->","yoast_head_json":{"title":"Vol de Printemps Sud 2021 - Gap LFNA (ANNUL\u00c9) - Jeunes Ailes","robots":{"index":"index","follow":"follow","max-snippet":"max-snippet:-1","max-image-preview":"max-image-preview:large","max-video-preview":"max-video-preview:-1"},"canonical":"https:\/\/jeunes-ailes.asso.fr\/site\/index.php\/2021\/03\/07\/vol-de-printemps-sud-2021-gap-lfna\/","og_locale":"fr_FR","og_type":"article","og_title":"Vol de Printemps Sud 2021 - Gap LFNA (ANNUL\u00c9) - Jeunes Ailes","og_description":"Nous avions d\u00e9j\u00e0 apport\u00e9 des restrictions sur le nombre de participants. Les 15 premi\u00e8res place ont \u00e9t\u00e9 r\u00e9serv\u00e9es en \u00e0 peine 2 ou 3 heures. Malheureusement cet \u00e9v\u00e9nement et lui aussi victime du virus. Les conditions sanitaires ainsi que les consignes gouvernementales nous obligent \u00e0 reporter notre Vol de Printemps en 2022. &nbsp; Cette ann\u00e9e, notre Vol de Printemps Sud \u00e9tait l&#8217;occasion de nous retrouver sur ce bel a\u00e9rodrome implant\u00e9 dans les Hautes-Alpes.Nous aurions partag\u00e9 un casse-cro\u00fbte le midi avant d&#8217;aller d\u00e9couvrir les activit\u00e9s a\u00e9ronautiques locales, avec notamment les m\u00e9tiers qui gravitent autour de l&#8217;h\u00e9lico.En effet nous avons l&#8217;honneur d&#8217;\u00eatre invit\u00e9s au si\u00e8ge social de &#8220;H\u00e9licopt\u00e8res de France&#8221; pour une pr\u00e9sentation de la compagnie et de ses ateliers PART-145. www.hdf.fr. Ce n&#8217;est que partie remise et HdF nous ouvre d\u00e9j\u00e0 ses portes pour l&#8217;ann\u00e9e prochaine ! &nbsp; Rendez-vous en 2022 pour un printemps plus ensoleill\u00e9 pour l&#8217;aviation ! &nbsp;","og_url":"https:\/\/jeunes-ailes.asso.fr\/site\/index.php\/2021\/03\/07\/vol-de-printemps-sud-2021-gap-lfna\/","og_site_name":"Jeunes Ailes","article_publisher":"https:\/\/fr-fr.facebook.com\/groups\/jeunesailes","article_published_time":"2021-03-07T20:31:11+00:00","article_modified_time":"2021-04-02T05:11:31+00:00","og_image":[{"width":509,"height":720,"url":"https:\/\/jeunes-ailes.asso.fr\/site\/wp-content\/uploads\/2021\/03\/167634314_10157919311902050_4145428422543308122_n.jpg","type":"image\/jpeg"}],"twitter_card":"summary_large_image","twitter_misc":{"\u00c9crit par":"J\u00e9r\u00f4me CHAMOUX","Dur\u00e9e de lecture estim\u00e9e":"1 minute"},"schema":{"@context":"https:\/\/schema.org","@graph":[{"@type":"Organization","@id":"https:\/\/jeunes-ailes.asso.fr\/site\/#organization","name":"Jeunes Ailes","url":"https:\/\/jeunes-ailes.asso.fr\/site\/","sameAs":["https:\/\/fr-fr.facebook.com\/groups\/jeunesailes","https:\/\/www.instagram.com\/jeunes_ailes_association\/","https:\/\/www.linkedin.com\/company\/jeunes-ailes","https:\/\/www.youtube.com\/playlist?list=PLMEx60-fXLQt8yMxQ0iUZznXvUdgvr6WR","https:\/\/fr.wikipedia.org\/wiki\/JA"],"logo":{"@type":"ImageObject","@id":"https:\/\/jeunes-ailes.asso.fr\/site\/#logo","inLanguage":"fr-FR","url":"https:\/\/jeunes-ailes.asso.fr\/site\/wp-content\/uploads\/2018\/05\/logo-jeunes-ailes.png","contentUrl":"https:\/\/jeunes-ailes.asso.fr\/site\/wp-content\/uploads\/2018\/05\/logo-jeunes-ailes.png","width":500,"height":464,"caption":"Jeunes Ailes"},"image":{"@id":"https:\/\/jeunes-ailes.asso.fr\/site\/#logo"}},{"@type":"WebSite","@id":"https:\/\/jeunes-ailes.asso.fr\/site\/#website","url":"https:\/\/jeunes-ailes.asso.fr\/site\/","name":"Jeunes Ailes","description":"le site officiel de l&#039;association Jeunes Ailes, les passionn\u00e9s d&#039;a\u00e9ronautique","publisher":{"@id":"https:\/\/jeunes-ailes.asso.fr\/site\/#organization"},"potentialAction":[{"@type":"SearchAction","target":{"@type":"EntryPoint","urlTemplate":"https:\/\/jeunes-ailes.asso.fr\/site\/?s={search_term_string}"},"query-input":"required name=search_term_string"}],"inLanguage":"fr-FR"},{"@type":"ImageObject","@id":"https:\/\/jeunes-ailes.asso.fr\/site\/index.php\/2021\/03\/07\/vol-de-printemps-sud-2021-gap-lfna\/#primaryimage","inLanguage":"fr-FR","url":"https:\/\/jeunes-ailes.asso.fr\/site\/wp-content\/uploads\/2021\/03\/167634314_10157919311902050_4145428422543308122_n.jpg","contentUrl":"https:\/\/jeunes-ailes.asso.fr\/site\/wp-content\/uploads\/2021\/03\/167634314_10157919311902050_4145428422543308122_n.jpg","width":509,"height":720},{"@type":"WebPage","@id":"https:\/\/jeunes-ailes.asso.fr\/site\/index.php\/2021\/03\/07\/vol-de-printemps-sud-2021-gap-lfna\/#webpage","url":"https:\/\/jeunes-ailes.asso.fr\/site\/index.php\/2021\/03\/07\/vol-de-printemps-sud-2021-gap-lfna\/","name":"Vol de Printemps Sud 2021 - Gap LFNA (ANNUL\u00c9) - Jeunes Ailes","isPartOf":{"@id":"https:\/\/jeunes-ailes.asso.fr\/site\/#website"},"primaryImageOfPage":{"@id":"https:\/\/jeunes-ailes.asso.fr\/site\/index.php\/2021\/03\/07\/vol-de-printemps-sud-2021-gap-lfna\/#primaryimage"},"datePublished":"2021-03-07T20:31:11+00:00","dateModified":"2021-04-02T05:11:31+00:00","breadcrumb":{"@id":"https:\/\/jeunes-ailes.asso.fr\/site\/index.php\/2021\/03\/07\/vol-de-printemps-sud-2021-gap-lfna\/#breadcrumb"},"inLanguage":"fr-FR","potentialAction":[{"@type":"ReadAction","target":["https:\/\/jeunes-ailes.asso.fr\/site\/index.php\/2021\/03\/07\/vol-de-printemps-sud-2021-gap-lfna\/"]}]},{"@type":"BreadcrumbList","@id":"https:\/\/jeunes-ailes.asso.fr\/site\/index.php\/2021\/03\/07\/vol-de-printemps-sud-2021-gap-lfna\/#breadcrumb","itemListElement":[{"@type":"ListItem","position":1,"name":"Home","item":"https:\/\/jeunes-ailes.asso.fr\/site\/"},{"@type":"ListItem","position":2,"name":"Vol de Printemps Sud 2021 &#8211; Gap LFNA (ANNUL\u00c9)"}]},{"@type":"Article","@id":"https:\/\/jeunes-ailes.asso.fr\/site\/index.php\/2021\/03\/07\/vol-de-printemps-sud-2021-gap-lfna\/#article","isPartOf":{"@id":"https:\/\/jeunes-ailes.asso.fr\/site\/index.php\/2021\/03\/07\/vol-de-printemps-sud-2021-gap-lfna\/#webpage"},"author":{"@id":"https:\/\/jeunes-ailes.asso.fr\/site\/#\/schema\/person\/8a730acfe0392d479d9c7f23f4153a79"},"headline":"Vol de Printemps Sud 2021 &#8211; Gap LFNA (ANNUL\u00c9)","datePublished":"2021-03-07T20:31:11+00:00","dateModified":"2021-04-02T05:11:31+00:00","mainEntityOfPage":{"@id":"https:\/\/jeunes-ailes.asso.fr\/site\/index.php\/2021\/03\/07\/vol-de-printemps-sud-2021-gap-lfna\/#webpage"},"wordCount":173,"commentCount":0,"publisher":{"@id":"https:\/\/jeunes-ailes.asso.fr\/site\/#organization"},"image":{"@id":"https:\/\/jeunes-ailes.asso.fr\/site\/index.php\/2021\/03\/07\/vol-de-printemps-sud-2021-gap-lfna\/#primaryimage"},"thumbnailUrl":"https:\/\/jeunes-ailes.asso.fr\/site\/wp-content\/uploads\/2021\/03\/167634314_10157919311902050_4145428422543308122_n.jpg","keywords":["\u00e9v\u00e9nement","gap","gratuit","h\u00e9licopt\u00e8re","jeunesailes","lfna","VDPS21","vol de printemps"],"articleSection":["Agenda","Jeunes Ailes"],"inLanguage":"fr-FR","potentialAction":[{"@type":"CommentAction","name":"Comment","target":["https:\/\/jeunes-ailes.asso.fr\/site\/index.php\/2021\/03\/07\/vol-de-printemps-sud-2021-gap-lfna\/#respond"]}]},{"@type":"Person","@id":"https:\/\/jeunes-ailes.asso.fr\/site\/#\/schema\/person\/8a730acfe0392d479d9c7f23f4153a79","name":"J\u00e9r\u00f4me CHAMOUX","image":{"@type":"ImageObject","@id":"https:\/\/jeunes-ailes.asso.fr\/site\/#personlogo","inLanguage":"fr-FR","url":"https:\/\/jeunes-ailes.asso.fr\/site\/wp-content\/uploads\/2021\/03\/Jerome_Chamoux-96x96.jpg","contentUrl":"https:\/\/jeunes-ailes.asso.fr\/site\/wp-content\/uploads\/2021\/03\/Jerome_Chamoux-96x96.jpg","caption":"J\u00e9r\u00f4me CHAMOUX"},"url":"https:\/\/jeunes-ailes.asso.fr\/site\/index.php\/author\/moux\/"}]}},"_links":{"self":[{"href":"https:\/\/jeunes-ailes.asso.fr\/site\/index.php\/wp-json\/wp\/v2\/posts\/4511","targetHints":{"allow":["GET"]}}],"collection":[{"href":"https:\/\/jeunes-ailes.asso.fr\/site\/index.php\/wp-json\/wp\/v2\/posts"}],"about":[{"href":"https:\/\/jeunes-ailes.asso.fr\/site\/index.php\/wp-json\/wp\/v2\/types\/post"}],"author":[{"embeddable":true,"href":"https:\/\/jeunes-ailes.asso.fr\/site\/index.php\/wp-json\/wp\/v2\/users\/3"}],"replies":[{"embeddable":true,"href":"https:\/\/jeunes-ailes.asso.fr\/site\/index.php\/wp-json\/wp\/v2\/comments?post=4511"}],"version-history":[{"count":5,"href":"https:\/\/jeunes-ailes.asso.fr\/site\/index.php\/wp-json\/wp\/v2\/posts\/4511\/revisions"}],"predecessor-version":[{"id":4642,"href":"https:\/\/jeunes-ailes.asso.fr\/site\/index.php\/wp-json\/wp\/v2\/posts\/4511\/revisions\/4642"}],"wp:featuredmedia":[{"embeddable":true,"href":"https:\/\/jeunes-ailes.asso.fr\/site\/index.php\/wp-json\/wp\/v2\/media\/4636"}],"wp:attachment":[{"href":"https:\/\/jeunes-ailes.asso.fr\/site\/index.php\/wp-json\/wp\/v2\/media?parent=4511"}],"wp:term":[{"taxonomy":"category","embeddable":true,"href":"https:\/\/jeunes-ailes.asso.fr\/site\/index.php\/wp-json\/wp\/v2\/categories?post=4511"},{"taxonomy":"post_tag","embeddable":true,"href":"https:\/\/jeunes-ailes.asso.fr\/site\/index.php\/wp-json\/wp\/v2\/tags?post=4511"}],"curies":[{"name":"wp","href":"https:\/\/api.w.org\/{rel}","templated":true}]}}