{"id":2819,"date":"2020-02-27T16:04:49","date_gmt":"2020-02-27T15:04:49","guid":{"rendered":"http:\/\/jeunes-ailes.asso.fr\/site\/?p=2819"},"modified":"2020-03-05T09:20:56","modified_gmt":"2020-03-05T08:20:56","slug":"jeunes-ailes-spirit-interview-n2-alexandre-sfo-airbus-a350xwb","status":"publish","type":"post","link":"https:\/\/jeunes-ailes.asso.fr\/site\/index.php\/2020\/02\/27\/jeunes-ailes-spirit-interview-n2-alexandre-sfo-airbus-a350xwb\/","title":{"rendered":"Jeunes Ailes Spirit Interview n\u00b02 &#8211; Alexandre &#8211; SFO Airbus A350XWB"},"content":{"rendered":"\n<figure class=\"wp-block-embed-youtube wp-block-embed is-type-video is-provider-youtube wp-embed-aspect-16-9 wp-has-aspect-ratio\"><div class=\"wp-block-embed__wrapper\">\n<div class=\"embed-responsive embed-responsive-16by9\"><iframe loading=\"lazy\" title=\"Jeunes Ailes Spirit Interview n\u00b02 - Alexandre - SFO Airbus A350XWB\" width=\"640\" height=\"360\" src=\"https:\/\/www.youtube.com\/embed\/MzP1R3aRv7k?feature=oembed\" frameborder=\"0\" allow=\"accelerometer; autoplay; clipboard-write; encrypted-media; gyroscope; picture-in-picture; web-share\" referrerpolicy=\"strict-origin-when-cross-origin\" allowfullscreen><\/iframe><\/div>\n<\/div><\/figure>\n\n\n\n<p> Jeunes Ailes Spirit &#8211; Interview n\u00b02 de notre ami Alexandre Poncet qui  est pass\u00e9 de pilote h\u00e9licopt\u00e8re sur A350 Ecureuil \u00e0 un autre A350 mais  cette fois-ci \u00e0 voilure fixe, le magnifique Airbus A350XWB. Il est  d\u00e9sormais SFO chez Cathay Pacific et parcours le monde en long courrier.  Retrouvez dans cette interview son parcours loin d&#8217;\u00eatre commun. Avec de  la motivation et de la passion tout devient possible. <\/p>\n","protected":false},"excerpt":{"rendered":"<p>Jeunes Ailes Spirit &#8211; Interview n\u00b02 de notre ami Alexandre Poncet qui est pass\u00e9 de pilote h\u00e9licopt\u00e8re sur A350 Ecureuil \u00e0 un autre A350 mais cette fois-ci \u00e0 voilure fixe, le magnifique Airbus A350XWB. Il est d\u00e9sormais SFO chez Cathay Pacific et parcours le monde en long courrier. Retrouvez dans cette interview son parcours loin d&#8217;\u00eatre commun. Avec de la motivation et de la passion tout devient possible.<\/p>\n","protected":false},"author":1,"featured_media":2822,"comment_status":"open","ping_status":"open","sticky":false,"template":"","format":"standard","meta":{"_mi_skip_tracking":false,"footnotes":""},"categories":[206,205],"tags":[],"class_list":["post-2819","post","type-post","status-publish","format-standard","has-post-thumbnail","hentry","category-jeunes-ailes","category-portrait-de-pilote"],"yoast_head":"<!-- This site is optimized with the Yoast SEO plugin v17.8 - https:\/\/yoast.com\/wordpress\/plugins\/seo\/ -->\n<title>Jeunes Ailes Spirit Interview n\u00b02 - Alexandre - SFO Airbus A350XWB - Jeunes Ailes<\/title>\n<meta name=\"robots\" content=\"index, follow, max-snippet:-1, max-image-preview:large, max-video-preview:-1\" \/>\n<link rel=\"canonical\" href=\"https:\/\/jeunes-ailes.asso.fr\/site\/index.php\/2020\/02\/27\/jeunes-ailes-spirit-interview-n2-alexandre-sfo-airbus-a350xwb\/\" \/>\n<meta property=\"og:locale\" content=\"fr_FR\" \/>\n<meta property=\"og:type\" content=\"article\" \/>\n<meta property=\"og:title\" content=\"Jeunes Ailes Spirit Interview n\u00b02 - Alexandre - SFO Airbus A350XWB - Jeunes Ailes\" \/>\n<meta property=\"og:description\" content=\"Jeunes Ailes Spirit &#8211; Interview n\u00b02 de notre ami Alexandre Poncet qui est pass\u00e9 de pilote h\u00e9licopt\u00e8re sur A350 Ecureuil \u00e0 un autre A350 mais cette fois-ci \u00e0 voilure fixe, le magnifique Airbus A350XWB. Il est d\u00e9sormais SFO chez Cathay Pacific et parcours le monde en long courrier. Retrouvez dans cette interview son parcours loin d&#8217;\u00eatre commun. Avec de la motivation et de la passion tout devient possible.\" \/>\n<meta property=\"og:url\" content=\"https:\/\/jeunes-ailes.asso.fr\/site\/index.php\/2020\/02\/27\/jeunes-ailes-spirit-interview-n2-alexandre-sfo-airbus-a350xwb\/\" \/>\n<meta property=\"og:site_name\" content=\"Jeunes Ailes\" \/>\n<meta property=\"article:publisher\" content=\"https:\/\/fr-fr.facebook.com\/groups\/jeunesailes\" \/>\n<meta property=\"article:published_time\" content=\"2020-02-27T15:04:49+00:00\" \/>\n<meta property=\"article:modified_time\" content=\"2020-03-05T08:20:56+00:00\" \/>\n<meta property=\"og:image\" content=\"https:\/\/jeunes-ailes.asso.fr\/site\/wp-content\/uploads\/2020\/02\/PHOTO-2019-01-27-06-45-26.jpg\" \/>\n\t<meta property=\"og:image:width\" content=\"1600\" \/>\n\t<meta property=\"og:image:height\" content=\"1200\" \/>\n<meta name=\"twitter:card\" content=\"summary_large_image\" \/>\n<meta name=\"twitter:label1\" content=\"\u00c9crit par\" \/>\n\t<meta name=\"twitter:data1\" content=\"Julien JAY\" \/>\n<script type=\"application\/ld+json\" class=\"yoast-schema-graph\">{\"@context\":\"https:\/\/schema.org\",\"@graph\":[{\"@type\":\"Organization\",\"@id\":\"https:\/\/jeunes-ailes.asso.fr\/site\/#organization\",\"name\":\"Jeunes Ailes\",\"url\":\"https:\/\/jeunes-ailes.asso.fr\/site\/\",\"sameAs\":[\"https:\/\/fr-fr.facebook.com\/groups\/jeunesailes\",\"https:\/\/www.instagram.com\/jeunes_ailes_association\/\",\"https:\/\/www.linkedin.com\/company\/jeunes-ailes\",\"https:\/\/www.youtube.com\/playlist?list=PLMEx60-fXLQt8yMxQ0iUZznXvUdgvr6WR\",\"https:\/\/fr.wikipedia.org\/wiki\/JA\"],\"logo\":{\"@type\":\"ImageObject\",\"@id\":\"https:\/\/jeunes-ailes.asso.fr\/site\/#logo\",\"inLanguage\":\"fr-FR\",\"url\":\"https:\/\/jeunes-ailes.asso.fr\/site\/wp-content\/uploads\/2018\/05\/logo-jeunes-ailes.png\",\"contentUrl\":\"https:\/\/jeunes-ailes.asso.fr\/site\/wp-content\/uploads\/2018\/05\/logo-jeunes-ailes.png\",\"width\":500,\"height\":464,\"caption\":\"Jeunes Ailes\"},\"image\":{\"@id\":\"https:\/\/jeunes-ailes.asso.fr\/site\/#logo\"}},{\"@type\":\"WebSite\",\"@id\":\"https:\/\/jeunes-ailes.asso.fr\/site\/#website\",\"url\":\"https:\/\/jeunes-ailes.asso.fr\/site\/\",\"name\":\"Jeunes Ailes\",\"description\":\"le site officiel de l&#039;association Jeunes Ailes, les passionn\\u00e9s d&#039;a\\u00e9ronautique\",\"publisher\":{\"@id\":\"https:\/\/jeunes-ailes.asso.fr\/site\/#organization\"},\"potentialAction\":[{\"@type\":\"SearchAction\",\"target\":{\"@type\":\"EntryPoint\",\"urlTemplate\":\"https:\/\/jeunes-ailes.asso.fr\/site\/?s={search_term_string}\"},\"query-input\":\"required name=search_term_string\"}],\"inLanguage\":\"fr-FR\"},{\"@type\":\"ImageObject\",\"@id\":\"https:\/\/jeunes-ailes.asso.fr\/site\/index.php\/2020\/02\/27\/jeunes-ailes-spirit-interview-n2-alexandre-sfo-airbus-a350xwb\/#primaryimage\",\"inLanguage\":\"fr-FR\",\"url\":\"https:\/\/jeunes-ailes.asso.fr\/site\/wp-content\/uploads\/2020\/02\/PHOTO-2019-01-27-06-45-26.jpg\",\"contentUrl\":\"https:\/\/jeunes-ailes.asso.fr\/site\/wp-content\/uploads\/2020\/02\/PHOTO-2019-01-27-06-45-26.jpg\",\"width\":1600,\"height\":1200},{\"@type\":\"WebPage\",\"@id\":\"https:\/\/jeunes-ailes.asso.fr\/site\/index.php\/2020\/02\/27\/jeunes-ailes-spirit-interview-n2-alexandre-sfo-airbus-a350xwb\/#webpage\",\"url\":\"https:\/\/jeunes-ailes.asso.fr\/site\/index.php\/2020\/02\/27\/jeunes-ailes-spirit-interview-n2-alexandre-sfo-airbus-a350xwb\/\",\"name\":\"Jeunes Ailes Spirit Interview n\\u00b02 - Alexandre - SFO Airbus A350XWB - Jeunes Ailes\",\"isPartOf\":{\"@id\":\"https:\/\/jeunes-ailes.asso.fr\/site\/#website\"},\"primaryImageOfPage\":{\"@id\":\"https:\/\/jeunes-ailes.asso.fr\/site\/index.php\/2020\/02\/27\/jeunes-ailes-spirit-interview-n2-alexandre-sfo-airbus-a350xwb\/#primaryimage\"},\"datePublished\":\"2020-02-27T15:04:49+00:00\",\"dateModified\":\"2020-03-05T08:20:56+00:00\",\"breadcrumb\":{\"@id\":\"https:\/\/jeunes-ailes.asso.fr\/site\/index.php\/2020\/02\/27\/jeunes-ailes-spirit-interview-n2-alexandre-sfo-airbus-a350xwb\/#breadcrumb\"},\"inLanguage\":\"fr-FR\",\"potentialAction\":[{\"@type\":\"ReadAction\",\"target\":[\"https:\/\/jeunes-ailes.asso.fr\/site\/index.php\/2020\/02\/27\/jeunes-ailes-spirit-interview-n2-alexandre-sfo-airbus-a350xwb\/\"]}]},{\"@type\":\"BreadcrumbList\",\"@id\":\"https:\/\/jeunes-ailes.asso.fr\/site\/index.php\/2020\/02\/27\/jeunes-ailes-spirit-interview-n2-alexandre-sfo-airbus-a350xwb\/#breadcrumb\",\"itemListElement\":[{\"@type\":\"ListItem\",\"position\":1,\"name\":\"Home\",\"item\":\"https:\/\/jeunes-ailes.asso.fr\/site\/\"},{\"@type\":\"ListItem\",\"position\":2,\"name\":\"Jeunes Ailes Spirit Interview n\\u00b02 &#8211; Alexandre &#8211; SFO Airbus A350XWB\"}]},{\"@type\":\"Article\",\"@id\":\"https:\/\/jeunes-ailes.asso.fr\/site\/index.php\/2020\/02\/27\/jeunes-ailes-spirit-interview-n2-alexandre-sfo-airbus-a350xwb\/#article\",\"isPartOf\":{\"@id\":\"https:\/\/jeunes-ailes.asso.fr\/site\/index.php\/2020\/02\/27\/jeunes-ailes-spirit-interview-n2-alexandre-sfo-airbus-a350xwb\/#webpage\"},\"author\":{\"@id\":\"https:\/\/jeunes-ailes.asso.fr\/site\/#\/schema\/person\/a3b9b4ac9f131e9bdb3409e4de6d520b\"},\"headline\":\"Jeunes Ailes Spirit Interview n\\u00b02 &#8211; Alexandre &#8211; SFO Airbus A350XWB\",\"datePublished\":\"2020-02-27T15:04:49+00:00\",\"dateModified\":\"2020-03-05T08:20:56+00:00\",\"mainEntityOfPage\":{\"@id\":\"https:\/\/jeunes-ailes.asso.fr\/site\/index.php\/2020\/02\/27\/jeunes-ailes-spirit-interview-n2-alexandre-sfo-airbus-a350xwb\/#webpage\"},\"wordCount\":93,\"commentCount\":0,\"publisher\":{\"@id\":\"https:\/\/jeunes-ailes.asso.fr\/site\/#organization\"},\"image\":{\"@id\":\"https:\/\/jeunes-ailes.asso.fr\/site\/index.php\/2020\/02\/27\/jeunes-ailes-spirit-interview-n2-alexandre-sfo-airbus-a350xwb\/#primaryimage\"},\"thumbnailUrl\":\"https:\/\/jeunes-ailes.asso.fr\/site\/wp-content\/uploads\/2020\/02\/PHOTO-2019-01-27-06-45-26.jpg\",\"articleSection\":[\"Jeunes Ailes\",\"Portrait de Pilote\"],\"inLanguage\":\"fr-FR\",\"potentialAction\":[{\"@type\":\"CommentAction\",\"name\":\"Comment\",\"target\":[\"https:\/\/jeunes-ailes.asso.fr\/site\/index.php\/2020\/02\/27\/jeunes-ailes-spirit-interview-n2-alexandre-sfo-airbus-a350xwb\/#respond\"]}]},{\"@type\":\"Person\",\"@id\":\"https:\/\/jeunes-ailes.asso.fr\/site\/#\/schema\/person\/a3b9b4ac9f131e9bdb3409e4de6d520b\",\"name\":\"Julien JAY\",\"image\":{\"@type\":\"ImageObject\",\"@id\":\"https:\/\/jeunes-ailes.asso.fr\/site\/#personlogo\",\"inLanguage\":\"fr-FR\",\"url\":\"https:\/\/secure.gravatar.com\/avatar\/2a69cf2ffcd3821797dedeb14bb1ddf52bb490ed8bf14e8f2b7eaff488db632e?s=96&d=mm&r=g\",\"contentUrl\":\"https:\/\/secure.gravatar.com\/avatar\/2a69cf2ffcd3821797dedeb14bb1ddf52bb490ed8bf14e8f2b7eaff488db632e?s=96&d=mm&r=g\",\"caption\":\"Julien JAY\"},\"description\":\"Pr\\u00e9sident fondateur de l'association Jeunes Aileswww.jeunes-ailes.asso.fr. Passionn\\u00e9 d'aviation et de montagne. www.volmontagne.com\",\"sameAs\":[\"http:\/\/www.volmontagne.com\",\"https:\/\/www.instagram.com\/julienjay38\/\",\"https:\/\/www.linkedin.com\/in\/jayjulien\/\",\"https:\/\/vimeo.com\/airfilmsfr\",\"https:\/\/soundcloud.com\/julienjay38\/sets\/top\"],\"url\":\"https:\/\/jeunes-ailes.asso.fr\/site\/index.php\/author\/julien\/\"}]}<\/script>\n<!-- \/ Yoast SEO plugin. -->","yoast_head_json":{"title":"Jeunes Ailes Spirit Interview n\u00b02 - Alexandre - SFO Airbus A350XWB - Jeunes Ailes","robots":{"index":"index","follow":"follow","max-snippet":"max-snippet:-1","max-image-preview":"max-image-preview:large","max-video-preview":"max-video-preview:-1"},"canonical":"https:\/\/jeunes-ailes.asso.fr\/site\/index.php\/2020\/02\/27\/jeunes-ailes-spirit-interview-n2-alexandre-sfo-airbus-a350xwb\/","og_locale":"fr_FR","og_type":"article","og_title":"Jeunes Ailes Spirit Interview n\u00b02 - Alexandre - SFO Airbus A350XWB - Jeunes Ailes","og_description":"Jeunes Ailes Spirit &#8211; Interview n\u00b02 de notre ami Alexandre Poncet qui est pass\u00e9 de pilote h\u00e9licopt\u00e8re sur A350 Ecureuil \u00e0 un autre A350 mais cette fois-ci \u00e0 voilure fixe, le magnifique Airbus A350XWB. Il est d\u00e9sormais SFO chez Cathay Pacific et parcours le monde en long courrier. Retrouvez dans cette interview son parcours loin d&#8217;\u00eatre commun. Avec de la motivation et de la passion tout devient possible.","og_url":"https:\/\/jeunes-ailes.asso.fr\/site\/index.php\/2020\/02\/27\/jeunes-ailes-spirit-interview-n2-alexandre-sfo-airbus-a350xwb\/","og_site_name":"Jeunes Ailes","article_publisher":"https:\/\/fr-fr.facebook.com\/groups\/jeunesailes","article_published_time":"2020-02-27T15:04:49+00:00","article_modified_time":"2020-03-05T08:20:56+00:00","og_image":[{"width":1600,"height":1200,"url":"https:\/\/jeunes-ailes.asso.fr\/site\/wp-content\/uploads\/2020\/02\/PHOTO-2019-01-27-06-45-26.jpg","type":"image\/jpeg"}],"twitter_card":"summary_large_image","twitter_misc":{"\u00c9crit par":"Julien JAY"},"schema":{"@context":"https:\/\/schema.org","@graph":[{"@type":"Organization","@id":"https:\/\/jeunes-ailes.asso.fr\/site\/#organization","name":"Jeunes Ailes","url":"https:\/\/jeunes-ailes.asso.fr\/site\/","sameAs":["https:\/\/fr-fr.facebook.com\/groups\/jeunesailes","https:\/\/www.instagram.com\/jeunes_ailes_association\/","https:\/\/www.linkedin.com\/company\/jeunes-ailes","https:\/\/www.youtube.com\/playlist?list=PLMEx60-fXLQt8yMxQ0iUZznXvUdgvr6WR","https:\/\/fr.wikipedia.org\/wiki\/JA"],"logo":{"@type":"ImageObject","@id":"https:\/\/jeunes-ailes.asso.fr\/site\/#logo","inLanguage":"fr-FR","url":"https:\/\/jeunes-ailes.asso.fr\/site\/wp-content\/uploads\/2018\/05\/logo-jeunes-ailes.png","contentUrl":"https:\/\/jeunes-ailes.asso.fr\/site\/wp-content\/uploads\/2018\/05\/logo-jeunes-ailes.png","width":500,"height":464,"caption":"Jeunes Ailes"},"image":{"@id":"https:\/\/jeunes-ailes.asso.fr\/site\/#logo"}},{"@type":"WebSite","@id":"https:\/\/jeunes-ailes.asso.fr\/site\/#website","url":"https:\/\/jeunes-ailes.asso.fr\/site\/","name":"Jeunes Ailes","description":"le site officiel de l&#039;association Jeunes Ailes, les passionn\u00e9s d&#039;a\u00e9ronautique","publisher":{"@id":"https:\/\/jeunes-ailes.asso.fr\/site\/#organization"},"potentialAction":[{"@type":"SearchAction","target":{"@type":"EntryPoint","urlTemplate":"https:\/\/jeunes-ailes.asso.fr\/site\/?s={search_term_string}"},"query-input":"required name=search_term_string"}],"inLanguage":"fr-FR"},{"@type":"ImageObject","@id":"https:\/\/jeunes-ailes.asso.fr\/site\/index.php\/2020\/02\/27\/jeunes-ailes-spirit-interview-n2-alexandre-sfo-airbus-a350xwb\/#primaryimage","inLanguage":"fr-FR","url":"https:\/\/jeunes-ailes.asso.fr\/site\/wp-content\/uploads\/2020\/02\/PHOTO-2019-01-27-06-45-26.jpg","contentUrl":"https:\/\/jeunes-ailes.asso.fr\/site\/wp-content\/uploads\/2020\/02\/PHOTO-2019-01-27-06-45-26.jpg","width":1600,"height":1200},{"@type":"WebPage","@id":"https:\/\/jeunes-ailes.asso.fr\/site\/index.php\/2020\/02\/27\/jeunes-ailes-spirit-interview-n2-alexandre-sfo-airbus-a350xwb\/#webpage","url":"https:\/\/jeunes-ailes.asso.fr\/site\/index.php\/2020\/02\/27\/jeunes-ailes-spirit-interview-n2-alexandre-sfo-airbus-a350xwb\/","name":"Jeunes Ailes Spirit Interview n\u00b02 - Alexandre - SFO Airbus A350XWB - Jeunes Ailes","isPartOf":{"@id":"https:\/\/jeunes-ailes.asso.fr\/site\/#website"},"primaryImageOfPage":{"@id":"https:\/\/jeunes-ailes.asso.fr\/site\/index.php\/2020\/02\/27\/jeunes-ailes-spirit-interview-n2-alexandre-sfo-airbus-a350xwb\/#primaryimage"},"datePublished":"2020-02-27T15:04:49+00:00","dateModified":"2020-03-05T08:20:56+00:00","breadcrumb":{"@id":"https:\/\/jeunes-ailes.asso.fr\/site\/index.php\/2020\/02\/27\/jeunes-ailes-spirit-interview-n2-alexandre-sfo-airbus-a350xwb\/#breadcrumb"},"inLanguage":"fr-FR","potentialAction":[{"@type":"ReadAction","target":["https:\/\/jeunes-ailes.asso.fr\/site\/index.php\/2020\/02\/27\/jeunes-ailes-spirit-interview-n2-alexandre-sfo-airbus-a350xwb\/"]}]},{"@type":"BreadcrumbList","@id":"https:\/\/jeunes-ailes.asso.fr\/site\/index.php\/2020\/02\/27\/jeunes-ailes-spirit-interview-n2-alexandre-sfo-airbus-a350xwb\/#breadcrumb","itemListElement":[{"@type":"ListItem","position":1,"name":"Home","item":"https:\/\/jeunes-ailes.asso.fr\/site\/"},{"@type":"ListItem","position":2,"name":"Jeunes Ailes Spirit Interview n\u00b02 &#8211; Alexandre &#8211; SFO Airbus A350XWB"}]},{"@type":"Article","@id":"https:\/\/jeunes-ailes.asso.fr\/site\/index.php\/2020\/02\/27\/jeunes-ailes-spirit-interview-n2-alexandre-sfo-airbus-a350xwb\/#article","isPartOf":{"@id":"https:\/\/jeunes-ailes.asso.fr\/site\/index.php\/2020\/02\/27\/jeunes-ailes-spirit-interview-n2-alexandre-sfo-airbus-a350xwb\/#webpage"},"author":{"@id":"https:\/\/jeunes-ailes.asso.fr\/site\/#\/schema\/person\/a3b9b4ac9f131e9bdb3409e4de6d520b"},"headline":"Jeunes Ailes Spirit Interview n\u00b02 &#8211; Alexandre &#8211; SFO Airbus A350XWB","datePublished":"2020-02-27T15:04:49+00:00","dateModified":"2020-03-05T08:20:56+00:00","mainEntityOfPage":{"@id":"https:\/\/jeunes-ailes.asso.fr\/site\/index.php\/2020\/02\/27\/jeunes-ailes-spirit-interview-n2-alexandre-sfo-airbus-a350xwb\/#webpage"},"wordCount":93,"commentCount":0,"publisher":{"@id":"https:\/\/jeunes-ailes.asso.fr\/site\/#organization"},"image":{"@id":"https:\/\/jeunes-ailes.asso.fr\/site\/index.php\/2020\/02\/27\/jeunes-ailes-spirit-interview-n2-alexandre-sfo-airbus-a350xwb\/#primaryimage"},"thumbnailUrl":"https:\/\/jeunes-ailes.asso.fr\/site\/wp-content\/uploads\/2020\/02\/PHOTO-2019-01-27-06-45-26.jpg","articleSection":["Jeunes Ailes","Portrait de Pilote"],"inLanguage":"fr-FR","potentialAction":[{"@type":"CommentAction","name":"Comment","target":["https:\/\/jeunes-ailes.asso.fr\/site\/index.php\/2020\/02\/27\/jeunes-ailes-spirit-interview-n2-alexandre-sfo-airbus-a350xwb\/#respond"]}]},{"@type":"Person","@id":"https:\/\/jeunes-ailes.asso.fr\/site\/#\/schema\/person\/a3b9b4ac9f131e9bdb3409e4de6d520b","name":"Julien JAY","image":{"@type":"ImageObject","@id":"https:\/\/jeunes-ailes.asso.fr\/site\/#personlogo","inLanguage":"fr-FR","url":"https:\/\/secure.gravatar.com\/avatar\/2a69cf2ffcd3821797dedeb14bb1ddf52bb490ed8bf14e8f2b7eaff488db632e?s=96&d=mm&r=g","contentUrl":"https:\/\/secure.gravatar.com\/avatar\/2a69cf2ffcd3821797dedeb14bb1ddf52bb490ed8bf14e8f2b7eaff488db632e?s=96&d=mm&r=g","caption":"Julien JAY"},"description":"Pr\u00e9sident fondateur de l'association Jeunes Aileswww.jeunes-ailes.asso.fr. Passionn\u00e9 d'aviation et de montagne. www.volmontagne.com","sameAs":["http:\/\/www.volmontagne.com","https:\/\/www.instagram.com\/julienjay38\/","https:\/\/www.linkedin.com\/in\/jayjulien\/","https:\/\/vimeo.com\/airfilmsfr","https:\/\/soundcloud.com\/julienjay38\/sets\/top"],"url":"https:\/\/jeunes-ailes.asso.fr\/site\/index.php\/author\/julien\/"}]}},"_links":{"self":[{"href":"https:\/\/jeunes-ailes.asso.fr\/site\/index.php\/wp-json\/wp\/v2\/posts\/2819","targetHints":{"allow":["GET"]}}],"collection":[{"href":"https:\/\/jeunes-ailes.asso.fr\/site\/index.php\/wp-json\/wp\/v2\/posts"}],"about":[{"href":"https:\/\/jeunes-ailes.asso.fr\/site\/index.php\/wp-json\/wp\/v2\/types\/post"}],"author":[{"embeddable":true,"href":"https:\/\/jeunes-ailes.asso.fr\/site\/index.php\/wp-json\/wp\/v2\/users\/1"}],"replies":[{"embeddable":true,"href":"https:\/\/jeunes-ailes.asso.fr\/site\/index.php\/wp-json\/wp\/v2\/comments?post=2819"}],"version-history":[{"count":0,"href":"https:\/\/jeunes-ailes.asso.fr\/site\/index.php\/wp-json\/wp\/v2\/posts\/2819\/revisions"}],"wp:featuredmedia":[{"embeddable":true,"href":"https:\/\/jeunes-ailes.asso.fr\/site\/index.php\/wp-json\/wp\/v2\/media\/2822"}],"wp:attachment":[{"href":"https:\/\/jeunes-ailes.asso.fr\/site\/index.php\/wp-json\/wp\/v2\/media?parent=2819"}],"wp:term":[{"taxonomy":"category","embeddable":true,"href":"https:\/\/jeunes-ailes.asso.fr\/site\/index.php\/wp-json\/wp\/v2\/categories?post=2819"},{"taxonomy":"post_tag","embeddable":true,"href":"https:\/\/jeunes-ailes.asso.fr\/site\/index.php\/wp-json\/wp\/v2\/tags?post=2819"}],"curies":[{"name":"wp","href":"https:\/\/api.w.org\/{rel}","templated":true}]}}