{"id":2745,"date":"2020-02-27T13:08:18","date_gmt":"2020-02-27T12:08:18","guid":{"rendered":"http:\/\/jeunes-ailes.asso.fr\/site\/?p=2745"},"modified":"2020-03-05T09:25:48","modified_gmt":"2020-03-05T08:25:48","slug":"nouvailes-2015","status":"publish","type":"post","link":"https:\/\/jeunes-ailes.asso.fr\/site\/index.php\/2020\/02\/27\/nouvailes-2015\/","title":{"rendered":"Nouv&#8217;Ailes 2015"},"content":{"rendered":"\n<p>Bonjour \u00e0 tous les JA !<\/p>\n\n\n\n<p>La revue d\u2019information de Jeunes Ailes revient en force en 2015 gr\u00e2ce notamment \u00e0 notre vice-pr\u00e9sident FlyingTim .<br> L\u2019association est heureuse et fi\u00e8res de vous pr\u00e9senter le 1er et le 2nd num\u00e9ro de Nouv\u2019Ailes version 2015 :<\/p>\n\n\n\n<div class=\"wp-block-file\"><a href=\"http:\/\/jeunes-ailes.asso.fr\/site\/wp-content\/uploads\/2020\/02\/Nouvailes_2015_1.pdf\">Nouvailes_2015_1<\/a><a href=\"http:\/\/jeunes-ailes.asso.fr\/site\/wp-content\/uploads\/2020\/02\/Nouvailes_2015_1.pdf\" class=\"wp-block-file__button\" download>Lire<\/a><\/div>\n\n\n\n<div class=\"wp-block-file\"><a href=\"http:\/\/jeunes-ailes.asso.fr\/site\/wp-content\/uploads\/2020\/02\/Nouvailes_2015_2.pdf\">Nouvailes_2015_2<\/a><a href=\"http:\/\/jeunes-ailes.asso.fr\/site\/wp-content\/uploads\/2020\/02\/Nouvailes_2015_2.pdf\" class=\"wp-block-file__button\" download>Lire<\/a><\/div>\n\n\n\n<p>Un grand merci \u00e0 toutes les bonnes volont\u00e9s qui se sont manifest\u00e9es \npour permettre de publier ce num\u00e9ro et en particulier aux r\u00e9dacteurs des\n articles. N\u2019h\u00e9sitez pas \u00e0 nous contacter si vous avez des id\u00e9es de \nsujets, de r\u00e9cits, des choses dont vous aimeriez entendre parler.<\/p>\n\n\n\n<p>Bonne lecture, et bons vols !<\/p>\n\n\n\n<figure class=\"wp-block-image\"><img decoding=\"async\" src=\"https:\/\/redcdn.net\/pubphoto\/10\/13\/74\/6__content_10_99x51.gif\" alt=\"\"\/><\/figure>\n","protected":false},"excerpt":{"rendered":"<p>Bonjour \u00e0 tous les JA ! La revue d\u2019information de Jeunes Ailes revient en force en 2015 gr\u00e2ce notamment \u00e0 notre vice-pr\u00e9sident FlyingTim . L\u2019association est heureuse et fi\u00e8res de vous pr\u00e9senter le 1er et le 2nd num\u00e9ro de Nouv\u2019Ailes version 2015 : Un grand merci \u00e0 toutes les bonnes volont\u00e9s qui se sont manifest\u00e9es pour permettre de publier ce num\u00e9ro et en particulier aux r\u00e9dacteurs des articles. N\u2019h\u00e9sitez pas \u00e0 nous contacter si vous avez des id\u00e9es de sujets, de r\u00e9cits, des choses dont vous aimeriez entendre parler. Bonne lecture, et bons vols !<\/p>\n","protected":false},"author":1,"featured_media":2908,"comment_status":"open","ping_status":"open","sticky":false,"template":"","format":"standard","meta":{"_mi_skip_tracking":false,"footnotes":""},"categories":[206,208],"tags":[],"class_list":["post-2745","post","type-post","status-publish","format-standard","has-post-thumbnail","hentry","category-jeunes-ailes","category-news"],"yoast_head":"<!-- This site is optimized with the Yoast SEO plugin v17.8 - https:\/\/yoast.com\/wordpress\/plugins\/seo\/ -->\n<title>Nouv&#039;Ailes 2015 - Jeunes Ailes<\/title>\n<meta name=\"robots\" content=\"index, follow, max-snippet:-1, max-image-preview:large, max-video-preview:-1\" \/>\n<link rel=\"canonical\" href=\"https:\/\/jeunes-ailes.asso.fr\/site\/index.php\/2020\/02\/27\/nouvailes-2015\/\" \/>\n<meta property=\"og:locale\" content=\"fr_FR\" \/>\n<meta property=\"og:type\" content=\"article\" \/>\n<meta property=\"og:title\" content=\"Nouv&#039;Ailes 2015 - Jeunes Ailes\" \/>\n<meta property=\"og:description\" content=\"Bonjour \u00e0 tous les JA ! La revue d\u2019information de Jeunes Ailes revient en force en 2015 gr\u00e2ce notamment \u00e0 notre vice-pr\u00e9sident FlyingTim . L\u2019association est heureuse et fi\u00e8res de vous pr\u00e9senter le 1er et le 2nd num\u00e9ro de Nouv\u2019Ailes version 2015 : Un grand merci \u00e0 toutes les bonnes volont\u00e9s qui se sont manifest\u00e9es pour permettre de publier ce num\u00e9ro et en particulier aux r\u00e9dacteurs des articles. N\u2019h\u00e9sitez pas \u00e0 nous contacter si vous avez des id\u00e9es de sujets, de r\u00e9cits, des choses dont vous aimeriez entendre parler. Bonne lecture, et bons vols !\" \/>\n<meta property=\"og:url\" content=\"https:\/\/jeunes-ailes.asso.fr\/site\/index.php\/2020\/02\/27\/nouvailes-2015\/\" \/>\n<meta property=\"og:site_name\" content=\"Jeunes Ailes\" \/>\n<meta property=\"article:publisher\" content=\"https:\/\/fr-fr.facebook.com\/groups\/jeunesailes\" \/>\n<meta property=\"article:published_time\" content=\"2020-02-27T12:08:18+00:00\" \/>\n<meta property=\"article:modified_time\" content=\"2020-03-05T08:25:48+00:00\" \/>\n<meta property=\"og:image\" content=\"https:\/\/jeunes-ailes.asso.fr\/site\/wp-content\/uploads\/2020\/02\/2020-02-28_10h47_21.png\" \/>\n\t<meta property=\"og:image:width\" content=\"786\" \/>\n\t<meta property=\"og:image:height\" content=\"1112\" \/>\n<meta name=\"twitter:card\" content=\"summary_large_image\" \/>\n<meta name=\"twitter:label1\" content=\"\u00c9crit par\" \/>\n\t<meta name=\"twitter:data1\" content=\"Julien JAY\" \/>\n\t<meta name=\"twitter:label2\" content=\"Dur\u00e9e de lecture estim\u00e9e\" \/>\n\t<meta name=\"twitter:data2\" content=\"1 minute\" \/>\n<script type=\"application\/ld+json\" class=\"yoast-schema-graph\">{\"@context\":\"https:\/\/schema.org\",\"@graph\":[{\"@type\":\"Organization\",\"@id\":\"https:\/\/jeunes-ailes.asso.fr\/site\/#organization\",\"name\":\"Jeunes Ailes\",\"url\":\"https:\/\/jeunes-ailes.asso.fr\/site\/\",\"sameAs\":[\"https:\/\/fr-fr.facebook.com\/groups\/jeunesailes\",\"https:\/\/www.instagram.com\/jeunes_ailes_association\/\",\"https:\/\/www.linkedin.com\/company\/jeunes-ailes\",\"https:\/\/www.youtube.com\/playlist?list=PLMEx60-fXLQt8yMxQ0iUZznXvUdgvr6WR\",\"https:\/\/fr.wikipedia.org\/wiki\/JA\"],\"logo\":{\"@type\":\"ImageObject\",\"@id\":\"https:\/\/jeunes-ailes.asso.fr\/site\/#logo\",\"inLanguage\":\"fr-FR\",\"url\":\"https:\/\/jeunes-ailes.asso.fr\/site\/wp-content\/uploads\/2018\/05\/logo-jeunes-ailes.png\",\"contentUrl\":\"https:\/\/jeunes-ailes.asso.fr\/site\/wp-content\/uploads\/2018\/05\/logo-jeunes-ailes.png\",\"width\":500,\"height\":464,\"caption\":\"Jeunes Ailes\"},\"image\":{\"@id\":\"https:\/\/jeunes-ailes.asso.fr\/site\/#logo\"}},{\"@type\":\"WebSite\",\"@id\":\"https:\/\/jeunes-ailes.asso.fr\/site\/#website\",\"url\":\"https:\/\/jeunes-ailes.asso.fr\/site\/\",\"name\":\"Jeunes Ailes\",\"description\":\"le site officiel de l&#039;association Jeunes Ailes, les passionn\\u00e9s d&#039;a\\u00e9ronautique\",\"publisher\":{\"@id\":\"https:\/\/jeunes-ailes.asso.fr\/site\/#organization\"},\"potentialAction\":[{\"@type\":\"SearchAction\",\"target\":{\"@type\":\"EntryPoint\",\"urlTemplate\":\"https:\/\/jeunes-ailes.asso.fr\/site\/?s={search_term_string}\"},\"query-input\":\"required name=search_term_string\"}],\"inLanguage\":\"fr-FR\"},{\"@type\":\"ImageObject\",\"@id\":\"https:\/\/jeunes-ailes.asso.fr\/site\/index.php\/2020\/02\/27\/nouvailes-2015\/#primaryimage\",\"inLanguage\":\"fr-FR\",\"url\":\"https:\/\/jeunes-ailes.asso.fr\/site\/wp-content\/uploads\/2020\/02\/2020-02-28_10h47_21.png\",\"contentUrl\":\"https:\/\/jeunes-ailes.asso.fr\/site\/wp-content\/uploads\/2020\/02\/2020-02-28_10h47_21.png\",\"width\":786,\"height\":1112},{\"@type\":\"WebPage\",\"@id\":\"https:\/\/jeunes-ailes.asso.fr\/site\/index.php\/2020\/02\/27\/nouvailes-2015\/#webpage\",\"url\":\"https:\/\/jeunes-ailes.asso.fr\/site\/index.php\/2020\/02\/27\/nouvailes-2015\/\",\"name\":\"Nouv'Ailes 2015 - Jeunes Ailes\",\"isPartOf\":{\"@id\":\"https:\/\/jeunes-ailes.asso.fr\/site\/#website\"},\"primaryImageOfPage\":{\"@id\":\"https:\/\/jeunes-ailes.asso.fr\/site\/index.php\/2020\/02\/27\/nouvailes-2015\/#primaryimage\"},\"datePublished\":\"2020-02-27T12:08:18+00:00\",\"dateModified\":\"2020-03-05T08:25:48+00:00\",\"breadcrumb\":{\"@id\":\"https:\/\/jeunes-ailes.asso.fr\/site\/index.php\/2020\/02\/27\/nouvailes-2015\/#breadcrumb\"},\"inLanguage\":\"fr-FR\",\"potentialAction\":[{\"@type\":\"ReadAction\",\"target\":[\"https:\/\/jeunes-ailes.asso.fr\/site\/index.php\/2020\/02\/27\/nouvailes-2015\/\"]}]},{\"@type\":\"BreadcrumbList\",\"@id\":\"https:\/\/jeunes-ailes.asso.fr\/site\/index.php\/2020\/02\/27\/nouvailes-2015\/#breadcrumb\",\"itemListElement\":[{\"@type\":\"ListItem\",\"position\":1,\"name\":\"Home\",\"item\":\"https:\/\/jeunes-ailes.asso.fr\/site\/\"},{\"@type\":\"ListItem\",\"position\":2,\"name\":\"Nouv&#8217;Ailes 2015\"}]},{\"@type\":\"Article\",\"@id\":\"https:\/\/jeunes-ailes.asso.fr\/site\/index.php\/2020\/02\/27\/nouvailes-2015\/#article\",\"isPartOf\":{\"@id\":\"https:\/\/jeunes-ailes.asso.fr\/site\/index.php\/2020\/02\/27\/nouvailes-2015\/#webpage\"},\"author\":{\"@id\":\"https:\/\/jeunes-ailes.asso.fr\/site\/#\/schema\/person\/a3b9b4ac9f131e9bdb3409e4de6d520b\"},\"headline\":\"Nouv&#8217;Ailes 2015\",\"datePublished\":\"2020-02-27T12:08:18+00:00\",\"dateModified\":\"2020-03-05T08:25:48+00:00\",\"mainEntityOfPage\":{\"@id\":\"https:\/\/jeunes-ailes.asso.fr\/site\/index.php\/2020\/02\/27\/nouvailes-2015\/#webpage\"},\"wordCount\":106,\"commentCount\":0,\"publisher\":{\"@id\":\"https:\/\/jeunes-ailes.asso.fr\/site\/#organization\"},\"image\":{\"@id\":\"https:\/\/jeunes-ailes.asso.fr\/site\/index.php\/2020\/02\/27\/nouvailes-2015\/#primaryimage\"},\"thumbnailUrl\":\"https:\/\/jeunes-ailes.asso.fr\/site\/wp-content\/uploads\/2020\/02\/2020-02-28_10h47_21.png\",\"articleSection\":[\"Jeunes Ailes\",\"News\"],\"inLanguage\":\"fr-FR\",\"potentialAction\":[{\"@type\":\"CommentAction\",\"name\":\"Comment\",\"target\":[\"https:\/\/jeunes-ailes.asso.fr\/site\/index.php\/2020\/02\/27\/nouvailes-2015\/#respond\"]}]},{\"@type\":\"Person\",\"@id\":\"https:\/\/jeunes-ailes.asso.fr\/site\/#\/schema\/person\/a3b9b4ac9f131e9bdb3409e4de6d520b\",\"name\":\"Julien JAY\",\"image\":{\"@type\":\"ImageObject\",\"@id\":\"https:\/\/jeunes-ailes.asso.fr\/site\/#personlogo\",\"inLanguage\":\"fr-FR\",\"url\":\"https:\/\/secure.gravatar.com\/avatar\/2a69cf2ffcd3821797dedeb14bb1ddf52bb490ed8bf14e8f2b7eaff488db632e?s=96&d=mm&r=g\",\"contentUrl\":\"https:\/\/secure.gravatar.com\/avatar\/2a69cf2ffcd3821797dedeb14bb1ddf52bb490ed8bf14e8f2b7eaff488db632e?s=96&d=mm&r=g\",\"caption\":\"Julien JAY\"},\"description\":\"Pr\\u00e9sident fondateur de l'association Jeunes Aileswww.jeunes-ailes.asso.fr. Passionn\\u00e9 d'aviation et de montagne. www.volmontagne.com\",\"sameAs\":[\"http:\/\/www.volmontagne.com\",\"https:\/\/www.instagram.com\/julienjay38\/\",\"https:\/\/www.linkedin.com\/in\/jayjulien\/\",\"https:\/\/vimeo.com\/airfilmsfr\",\"https:\/\/soundcloud.com\/julienjay38\/sets\/top\"],\"url\":\"https:\/\/jeunes-ailes.asso.fr\/site\/index.php\/author\/julien\/\"}]}<\/script>\n<!-- \/ Yoast SEO plugin. -->","yoast_head_json":{"title":"Nouv'Ailes 2015 - Jeunes Ailes","robots":{"index":"index","follow":"follow","max-snippet":"max-snippet:-1","max-image-preview":"max-image-preview:large","max-video-preview":"max-video-preview:-1"},"canonical":"https:\/\/jeunes-ailes.asso.fr\/site\/index.php\/2020\/02\/27\/nouvailes-2015\/","og_locale":"fr_FR","og_type":"article","og_title":"Nouv'Ailes 2015 - Jeunes Ailes","og_description":"Bonjour \u00e0 tous les JA ! La revue d\u2019information de Jeunes Ailes revient en force en 2015 gr\u00e2ce notamment \u00e0 notre vice-pr\u00e9sident FlyingTim . L\u2019association est heureuse et fi\u00e8res de vous pr\u00e9senter le 1er et le 2nd num\u00e9ro de Nouv\u2019Ailes version 2015 : Un grand merci \u00e0 toutes les bonnes volont\u00e9s qui se sont manifest\u00e9es pour permettre de publier ce num\u00e9ro et en particulier aux r\u00e9dacteurs des articles. N\u2019h\u00e9sitez pas \u00e0 nous contacter si vous avez des id\u00e9es de sujets, de r\u00e9cits, des choses dont vous aimeriez entendre parler. Bonne lecture, et bons vols !","og_url":"https:\/\/jeunes-ailes.asso.fr\/site\/index.php\/2020\/02\/27\/nouvailes-2015\/","og_site_name":"Jeunes Ailes","article_publisher":"https:\/\/fr-fr.facebook.com\/groups\/jeunesailes","article_published_time":"2020-02-27T12:08:18+00:00","article_modified_time":"2020-03-05T08:25:48+00:00","og_image":[{"width":786,"height":1112,"url":"https:\/\/jeunes-ailes.asso.fr\/site\/wp-content\/uploads\/2020\/02\/2020-02-28_10h47_21.png","type":"image\/png"}],"twitter_card":"summary_large_image","twitter_misc":{"\u00c9crit par":"Julien JAY","Dur\u00e9e de lecture estim\u00e9e":"1 minute"},"schema":{"@context":"https:\/\/schema.org","@graph":[{"@type":"Organization","@id":"https:\/\/jeunes-ailes.asso.fr\/site\/#organization","name":"Jeunes Ailes","url":"https:\/\/jeunes-ailes.asso.fr\/site\/","sameAs":["https:\/\/fr-fr.facebook.com\/groups\/jeunesailes","https:\/\/www.instagram.com\/jeunes_ailes_association\/","https:\/\/www.linkedin.com\/company\/jeunes-ailes","https:\/\/www.youtube.com\/playlist?list=PLMEx60-fXLQt8yMxQ0iUZznXvUdgvr6WR","https:\/\/fr.wikipedia.org\/wiki\/JA"],"logo":{"@type":"ImageObject","@id":"https:\/\/jeunes-ailes.asso.fr\/site\/#logo","inLanguage":"fr-FR","url":"https:\/\/jeunes-ailes.asso.fr\/site\/wp-content\/uploads\/2018\/05\/logo-jeunes-ailes.png","contentUrl":"https:\/\/jeunes-ailes.asso.fr\/site\/wp-content\/uploads\/2018\/05\/logo-jeunes-ailes.png","width":500,"height":464,"caption":"Jeunes Ailes"},"image":{"@id":"https:\/\/jeunes-ailes.asso.fr\/site\/#logo"}},{"@type":"WebSite","@id":"https:\/\/jeunes-ailes.asso.fr\/site\/#website","url":"https:\/\/jeunes-ailes.asso.fr\/site\/","name":"Jeunes Ailes","description":"le site officiel de l&#039;association Jeunes Ailes, les passionn\u00e9s d&#039;a\u00e9ronautique","publisher":{"@id":"https:\/\/jeunes-ailes.asso.fr\/site\/#organization"},"potentialAction":[{"@type":"SearchAction","target":{"@type":"EntryPoint","urlTemplate":"https:\/\/jeunes-ailes.asso.fr\/site\/?s={search_term_string}"},"query-input":"required name=search_term_string"}],"inLanguage":"fr-FR"},{"@type":"ImageObject","@id":"https:\/\/jeunes-ailes.asso.fr\/site\/index.php\/2020\/02\/27\/nouvailes-2015\/#primaryimage","inLanguage":"fr-FR","url":"https:\/\/jeunes-ailes.asso.fr\/site\/wp-content\/uploads\/2020\/02\/2020-02-28_10h47_21.png","contentUrl":"https:\/\/jeunes-ailes.asso.fr\/site\/wp-content\/uploads\/2020\/02\/2020-02-28_10h47_21.png","width":786,"height":1112},{"@type":"WebPage","@id":"https:\/\/jeunes-ailes.asso.fr\/site\/index.php\/2020\/02\/27\/nouvailes-2015\/#webpage","url":"https:\/\/jeunes-ailes.asso.fr\/site\/index.php\/2020\/02\/27\/nouvailes-2015\/","name":"Nouv'Ailes 2015 - Jeunes Ailes","isPartOf":{"@id":"https:\/\/jeunes-ailes.asso.fr\/site\/#website"},"primaryImageOfPage":{"@id":"https:\/\/jeunes-ailes.asso.fr\/site\/index.php\/2020\/02\/27\/nouvailes-2015\/#primaryimage"},"datePublished":"2020-02-27T12:08:18+00:00","dateModified":"2020-03-05T08:25:48+00:00","breadcrumb":{"@id":"https:\/\/jeunes-ailes.asso.fr\/site\/index.php\/2020\/02\/27\/nouvailes-2015\/#breadcrumb"},"inLanguage":"fr-FR","potentialAction":[{"@type":"ReadAction","target":["https:\/\/jeunes-ailes.asso.fr\/site\/index.php\/2020\/02\/27\/nouvailes-2015\/"]}]},{"@type":"BreadcrumbList","@id":"https:\/\/jeunes-ailes.asso.fr\/site\/index.php\/2020\/02\/27\/nouvailes-2015\/#breadcrumb","itemListElement":[{"@type":"ListItem","position":1,"name":"Home","item":"https:\/\/jeunes-ailes.asso.fr\/site\/"},{"@type":"ListItem","position":2,"name":"Nouv&#8217;Ailes 2015"}]},{"@type":"Article","@id":"https:\/\/jeunes-ailes.asso.fr\/site\/index.php\/2020\/02\/27\/nouvailes-2015\/#article","isPartOf":{"@id":"https:\/\/jeunes-ailes.asso.fr\/site\/index.php\/2020\/02\/27\/nouvailes-2015\/#webpage"},"author":{"@id":"https:\/\/jeunes-ailes.asso.fr\/site\/#\/schema\/person\/a3b9b4ac9f131e9bdb3409e4de6d520b"},"headline":"Nouv&#8217;Ailes 2015","datePublished":"2020-02-27T12:08:18+00:00","dateModified":"2020-03-05T08:25:48+00:00","mainEntityOfPage":{"@id":"https:\/\/jeunes-ailes.asso.fr\/site\/index.php\/2020\/02\/27\/nouvailes-2015\/#webpage"},"wordCount":106,"commentCount":0,"publisher":{"@id":"https:\/\/jeunes-ailes.asso.fr\/site\/#organization"},"image":{"@id":"https:\/\/jeunes-ailes.asso.fr\/site\/index.php\/2020\/02\/27\/nouvailes-2015\/#primaryimage"},"thumbnailUrl":"https:\/\/jeunes-ailes.asso.fr\/site\/wp-content\/uploads\/2020\/02\/2020-02-28_10h47_21.png","articleSection":["Jeunes Ailes","News"],"inLanguage":"fr-FR","potentialAction":[{"@type":"CommentAction","name":"Comment","target":["https:\/\/jeunes-ailes.asso.fr\/site\/index.php\/2020\/02\/27\/nouvailes-2015\/#respond"]}]},{"@type":"Person","@id":"https:\/\/jeunes-ailes.asso.fr\/site\/#\/schema\/person\/a3b9b4ac9f131e9bdb3409e4de6d520b","name":"Julien JAY","image":{"@type":"ImageObject","@id":"https:\/\/jeunes-ailes.asso.fr\/site\/#personlogo","inLanguage":"fr-FR","url":"https:\/\/secure.gravatar.com\/avatar\/2a69cf2ffcd3821797dedeb14bb1ddf52bb490ed8bf14e8f2b7eaff488db632e?s=96&d=mm&r=g","contentUrl":"https:\/\/secure.gravatar.com\/avatar\/2a69cf2ffcd3821797dedeb14bb1ddf52bb490ed8bf14e8f2b7eaff488db632e?s=96&d=mm&r=g","caption":"Julien JAY"},"description":"Pr\u00e9sident fondateur de l'association Jeunes Aileswww.jeunes-ailes.asso.fr. Passionn\u00e9 d'aviation et de montagne. www.volmontagne.com","sameAs":["http:\/\/www.volmontagne.com","https:\/\/www.instagram.com\/julienjay38\/","https:\/\/www.linkedin.com\/in\/jayjulien\/","https:\/\/vimeo.com\/airfilmsfr","https:\/\/soundcloud.com\/julienjay38\/sets\/top"],"url":"https:\/\/jeunes-ailes.asso.fr\/site\/index.php\/author\/julien\/"}]}},"_links":{"self":[{"href":"https:\/\/jeunes-ailes.asso.fr\/site\/index.php\/wp-json\/wp\/v2\/posts\/2745","targetHints":{"allow":["GET"]}}],"collection":[{"href":"https:\/\/jeunes-ailes.asso.fr\/site\/index.php\/wp-json\/wp\/v2\/posts"}],"about":[{"href":"https:\/\/jeunes-ailes.asso.fr\/site\/index.php\/wp-json\/wp\/v2\/types\/post"}],"author":[{"embeddable":true,"href":"https:\/\/jeunes-ailes.asso.fr\/site\/index.php\/wp-json\/wp\/v2\/users\/1"}],"replies":[{"embeddable":true,"href":"https:\/\/jeunes-ailes.asso.fr\/site\/index.php\/wp-json\/wp\/v2\/comments?post=2745"}],"version-history":[{"count":0,"href":"https:\/\/jeunes-ailes.asso.fr\/site\/index.php\/wp-json\/wp\/v2\/posts\/2745\/revisions"}],"wp:featuredmedia":[{"embeddable":true,"href":"https:\/\/jeunes-ailes.asso.fr\/site\/index.php\/wp-json\/wp\/v2\/media\/2908"}],"wp:attachment":[{"href":"https:\/\/jeunes-ailes.asso.fr\/site\/index.php\/wp-json\/wp\/v2\/media?parent=2745"}],"wp:term":[{"taxonomy":"category","embeddable":true,"href":"https:\/\/jeunes-ailes.asso.fr\/site\/index.php\/wp-json\/wp\/v2\/categories?post=2745"},{"taxonomy":"post_tag","embeddable":true,"href":"https:\/\/jeunes-ailes.asso.fr\/site\/index.php\/wp-json\/wp\/v2\/tags?post=2745"}],"curies":[{"name":"wp","href":"https:\/\/api.w.org\/{rel}","templated":true}]}}